{"id":7157,"date":"2025-05-02T10:21:50","date_gmt":"2025-05-02T08:21:50","guid":{"rendered":"https:\/\/www.vacalia.com\/blog\/?p=7157"},"modified":"2025-05-02T10:21:52","modified_gmt":"2025-05-02T08:21:52","slug":"descubre-la-feria-del-caballo-de-jerez","status":"publish","type":"post","link":"https:\/\/www.vacalia.com\/blog\/es\/descubre-la-feria-del-caballo-de-jerez\/","title":{"rendered":"Descubre la Feria del Caballo de Jerez"},"content":{"rendered":"\n<p>La Feria del Caballo de <strong><a href=\"https:\/\/www.vacalia.com\/es\/alquiler-vacacional-jerez-de-la-frontera\" target=\"_blank\" rel=\"noreferrer noopener\">Jerez de la Frontera<\/a><\/strong> representa uno de los eventos culturales m\u00e1s espectaculares del sur de Espa\u00f1a. Cada mes de mayo, la ciudad se transforma en un escenario donde el caballo, el vino y el flamenco se convierten en los indiscutibles protagonistas.<\/p>\n\n\n\n<p>Si est\u00e1is planeando adentraros en la aut\u00e9ntica Andaluc\u00eda, descubriendo tradiciones que perduran con fuerza en el siglo XXI, la Feria del Caballo de Jerez representa una oportunidad inmejorable para conocer la cultura de esta tierra.<\/p>\n\n\n\n<h6 class=\"wp-block-heading\"><strong>Historia y origen de la Feria<\/strong><\/h6>\n\n\n\n<p>La Feria del Caballo tiene ra\u00edces profundas que se remontan al siglo XIII. En aquellos tiempos, <strong><a href=\"https:\/\/www.vacalia.com\/es\/jerez-de-la-frontera-cadiz-p1416\" target=\"_blank\" rel=\"noreferrer noopener\">Jerez<\/a><\/strong> celebraba ferias de ganado donde se vend\u00edan y compraban caballos, una tradici\u00f3n ligada de manera inseparable al alma de la ciudad. A medida que pasaban los siglos, aquellas reuniones comerciales fueron evolucionando, dando lugar a una celebraci\u00f3n m\u00e1s l\u00fadica, donde el caballo segu\u00eda siendo protagonista, pero ahora acompa\u00f1ado de m\u00fasica, baile, gastronom\u00eda y diversi\u00f3n.<\/p>\n\n\n\n<p>En 1966, la feria fue oficialmente reconocida como Feria del Caballo, y desde entonces se celebra cada a\u00f1o en el Parque Gonz\u00e1lez Hontoria, un recinto de m\u00e1s de 50.000 metros cuadrados que se convierte en una peque\u00f1a ciudad ef\u00edmera de luz y color.<\/p>\n\n\n\n<p>Si os apasionan las tradiciones aut\u00e9nticas y quer\u00e9is conocer el verdadero esp\u00edritu andaluz, entender\u00e9is pronto por qu\u00e9 esta feria es considerada de Inter\u00e9s Tur\u00edstico Internacional.<\/p>\n\n\n<div class=\"wp-block-image\">\n<figure class=\"aligncenter size-large\"><img fetchpriority=\"high\" decoding=\"async\" width=\"1024\" height=\"459\" src=\"https:\/\/www.vacalia.com\/blog\/wp-content\/uploads\/2025\/05\/feria-del-caballo-de-jerez-1024x459.jpeg\" alt=\"Feria del Caballo en Jerez de la Frtontera\" class=\"wp-image-7158\" srcset=\"https:\/\/www.vacalia.com\/blog\/wp-content\/uploads\/2025\/05\/feria-del-caballo-de-jerez-1024x459.jpeg 1024w, https:\/\/www.vacalia.com\/blog\/wp-content\/uploads\/2025\/05\/feria-del-caballo-de-jerez-300x134.jpeg 300w, https:\/\/www.vacalia.com\/blog\/wp-content\/uploads\/2025\/05\/feria-del-caballo-de-jerez-768x344.jpeg 768w, https:\/\/www.vacalia.com\/blog\/wp-content\/uploads\/2025\/05\/feria-del-caballo-de-jerez-1536x688.jpeg 1536w, https:\/\/www.vacalia.com\/blog\/wp-content\/uploads\/2025\/05\/feria-del-caballo-de-jerez-370x166.jpeg 370w, https:\/\/www.vacalia.com\/blog\/wp-content\/uploads\/2025\/05\/feria-del-caballo-de-jerez-770x345.jpeg 770w, https:\/\/www.vacalia.com\/blog\/wp-content\/uploads\/2025\/05\/feria-del-caballo-de-jerez.jpeg 2000w\" sizes=\"(max-width: 1024px) 100vw, 1024px\" \/><figcaption class=\"wp-element-caption\">Feria del Caballo en Jerez de la Frontera<\/figcaption><\/figure><\/div>\n\n\n<h6 class=\"wp-block-heading\"><strong>\u00bfQu\u00e9 hace \u00fanica a la Feria del Caballo?<\/strong><\/h6>\n\n\n\n<p>Si hay algo que distingue a la Feria de Jerez de otras celebraciones similares en Andaluc\u00eda es, sin duda, el protagonismo absoluto del caballo. Durante toda la semana, podr\u00e9is contemplar el constante ir y venir de jinetes y amazonas ataviados con trajes tradicionales, montando caballos engalanados para la ocasi\u00f3n.<\/p>\n\n\n\n<p>Otro rasgo distintivo que apreciar\u00e9is inmediatamente es el car\u00e1cter abierto de sus casetas. A diferencia de lo que ocurre en otras ferias andaluzas, como la de <strong><a href=\"https:\/\/www.vacalia.com\/es\/alojamiento-vacacional-sevilla\" target=\"_blank\" rel=\"noreferrer noopener\">Sevilla<\/a><\/strong>, donde muchas casetas son de car\u00e1cter privado, en Jerez la inmensa mayor\u00eda de ellas est\u00e1n abiertas al p\u00fablico. Esta peculiaridad refleja el esp\u00edritu acogedor y hospitalario de los jerezanos, que invitan a todos los visitantes a sentirse como en casa, disfrutando de la gastronom\u00eda, el baile y la m\u00fasica flamenca.<\/p>\n\n\n\n<p>Y como no pod\u00eda ser de otra manera en la tierra del jerez, el vino est\u00e1 presente en cada rinc\u00f3n de la feria. Desde los finos m\u00e1s secos hasta los dulces Pedro Xim\u00e9nez, todos estos tesoros enol\u00f3gicos acompa\u00f1an perfectamente la experiencia gastron\u00f3mica y social que propone la feria.<\/p>\n\n\n\n<h6 class=\"wp-block-heading\"><strong>Lo que no os pod\u00e9is perder<\/strong><\/h6>\n\n\n\n<p><strong>Desfiles de caballos y carruajes<\/strong><\/p>\n\n\n\n<p>El momento cumbre de cada jornada en la Feria del Caballo lo constituye el tradicional paseo de caballos y enganches. Diariamente, centenares de ejemplares desfilan por el real de la feria, montados por jinetes y amazonas ataviados con la vestimenta tradicional andaluza.<\/p>\n\n\n\n<p>Este espect\u00e1culo alcanza su m\u00e1ximo esplendor durante el fin de semana, cuando se celebra el Concurso Morfol\u00f3gico de Ganado Selecto Caballar, donde podr\u00e9is admirar algunos de los mejores ejemplares de Pura Raza Espa\u00f1ola. Los carruajes tradicionales, desde peque\u00f1os coches de caballos hasta grandes enganches tirados por varios ejemplares, constituyen otro atractivo visual impresionante, recordando \u00e9pocas pasadas cuando estos veh\u00edculos eran el medio de transporte habitual de las familias m\u00e1s pudientes.<\/p>\n\n\n<div class=\"wp-block-image\">\n<figure class=\"aligncenter size-large\"><img decoding=\"async\" width=\"1024\" height=\"459\" src=\"https:\/\/www.vacalia.com\/blog\/wp-content\/uploads\/2025\/05\/carruaje-feria-del-caballo-de-jerez-1024x459.jpeg\" alt=\"Carruaje tradicional de la Feria del Caballo en Jerez de la Frontera\" class=\"wp-image-7160\" srcset=\"https:\/\/www.vacalia.com\/blog\/wp-content\/uploads\/2025\/05\/carruaje-feria-del-caballo-de-jerez-1024x459.jpeg 1024w, https:\/\/www.vacalia.com\/blog\/wp-content\/uploads\/2025\/05\/carruaje-feria-del-caballo-de-jerez-300x134.jpeg 300w, https:\/\/www.vacalia.com\/blog\/wp-content\/uploads\/2025\/05\/carruaje-feria-del-caballo-de-jerez-768x344.jpeg 768w, https:\/\/www.vacalia.com\/blog\/wp-content\/uploads\/2025\/05\/carruaje-feria-del-caballo-de-jerez-370x166.jpeg 370w, https:\/\/www.vacalia.com\/blog\/wp-content\/uploads\/2025\/05\/carruaje-feria-del-caballo-de-jerez-770x345.jpeg 770w, https:\/\/www.vacalia.com\/blog\/wp-content\/uploads\/2025\/05\/carruaje-feria-del-caballo-de-jerez.jpeg 1322w\" sizes=\"(max-width: 1024px) 100vw, 1024px\" \/><figcaption class=\"wp-element-caption\">Carruaje tradicional de la Feria del Caballo en Jerez de la Frontera<\/figcaption><\/figure><\/div>\n\n\n<p><strong>Espect\u00e1culos en la Real Escuela Andaluza del Arte Ecuestre<\/strong><\/p>\n\n\n\n<p>Aunque se encuentra fuera del recinto ferial, ninguna visita a Jerez durante la Feria del Caballo estar\u00eda completa sin acercaros a la mundialmente famosa Real Escuela Andaluza del Arte Ecuestre. Durante la semana de feria, esta prestigiosa instituci\u00f3n programa exhibiciones especiales de \u00abC\u00f3mo Bailan los Caballos Andaluces\u00bb, un espect\u00e1culo \u00fanico donde los jinetes demuestran su maestr\u00eda en las distintas disciplinas de la doma cl\u00e1sica y la doma vaquera.<\/p>\n\n\n\n<p>Os recomendamos reservar las entradas con antelaci\u00f3n, ya que durante la feria estos espect\u00e1culos suelen agotar su aforo r\u00e1pidamente. La combinaci\u00f3n de m\u00fasica, precisi\u00f3n t\u00e9cnica y la elegancia de los caballos cartujanos crea un espect\u00e1culo \u00fanico en el mundo.<\/p>\n\n\n<div class=\"wp-block-image\">\n<figure class=\"aligncenter size-large\"><img decoding=\"async\" width=\"1024\" height=\"459\" src=\"https:\/\/www.vacalia.com\/blog\/wp-content\/uploads\/2025\/05\/jinetes-feria-del-caballo-de-jerez-1024x459.jpeg\" alt=\"Jinetes de la Feria del Caballo en Jerez de la Frontera\" class=\"wp-image-7162\" srcset=\"https:\/\/www.vacalia.com\/blog\/wp-content\/uploads\/2025\/05\/jinetes-feria-del-caballo-de-jerez-1024x459.jpeg 1024w, https:\/\/www.vacalia.com\/blog\/wp-content\/uploads\/2025\/05\/jinetes-feria-del-caballo-de-jerez-300x134.jpeg 300w, https:\/\/www.vacalia.com\/blog\/wp-content\/uploads\/2025\/05\/jinetes-feria-del-caballo-de-jerez-768x344.jpeg 768w, https:\/\/www.vacalia.com\/blog\/wp-content\/uploads\/2025\/05\/jinetes-feria-del-caballo-de-jerez-1536x688.jpeg 1536w, https:\/\/www.vacalia.com\/blog\/wp-content\/uploads\/2025\/05\/jinetes-feria-del-caballo-de-jerez-370x166.jpeg 370w, https:\/\/www.vacalia.com\/blog\/wp-content\/uploads\/2025\/05\/jinetes-feria-del-caballo-de-jerez-770x345.jpeg 770w, https:\/\/www.vacalia.com\/blog\/wp-content\/uploads\/2025\/05\/jinetes-feria-del-caballo-de-jerez.jpeg 2000w\" sizes=\"(max-width: 1024px) 100vw, 1024px\" \/><figcaption class=\"wp-element-caption\">Jinetes de la Feria del Caballo en Jerez de la Frontera<\/figcaption><\/figure><\/div>\n\n\n<p><strong>Gastronom\u00eda en la feria<\/strong><\/p>\n\n\n\n<p>Una parte esencial de vuestra experiencia en la Feria del Caballo ser\u00e1, sin duda, la gastronom\u00eda. Las casetas ofrecen un amplio repertorio de platos tradicionales que deb\u00e9is probar. El pesca\u00edto frito, constituye uno de los aperitivos m\u00e1s populares: boquerones, caz\u00f3n en adobo y chocos son solo algunas de las delicias que encontrar\u00e9is.<\/p>\n\n\n\n<p>Las tapas tradicionales como el rabo de toro, la tortilla de patatas o el jam\u00f3n cortado a mano tambi\u00e9n est\u00e1n presentes en casi todas las casetas. Todo ello, por supuesto, regado con los famosos vinos de Jerez que van desde el fino seco (perfecto para acompa\u00f1ar tapas) hasta el dulce Pedro Xim\u00e9nez, ideal para los postres.<\/p>\n\n\n\n<p>No olvid\u00e9is probar el rebujito, la bebida estrella de la feria, que consiste en una mezcla de vino manzanilla o fino con refresco de lima, servido en jarras con hielo. Refrescante y ligero, es el compa\u00f1ero perfecto para las largas jornadas de feria.<\/p>\n\n\n<div class=\"wp-block-image\">\n<figure class=\"aligncenter size-large\"><img loading=\"lazy\" decoding=\"async\" width=\"1024\" height=\"459\" src=\"https:\/\/www.vacalia.com\/blog\/wp-content\/uploads\/2025\/05\/gastronomia-feria-del-caballo-de-jerez-1024x459.jpeg\" alt=\"Gastronom\u00eda en la Feria del Caballo en Jerez de la Frontera\" class=\"wp-image-7161\" srcset=\"https:\/\/www.vacalia.com\/blog\/wp-content\/uploads\/2025\/05\/gastronomia-feria-del-caballo-de-jerez-1024x459.jpeg 1024w, https:\/\/www.vacalia.com\/blog\/wp-content\/uploads\/2025\/05\/gastronomia-feria-del-caballo-de-jerez-300x134.jpeg 300w, https:\/\/www.vacalia.com\/blog\/wp-content\/uploads\/2025\/05\/gastronomia-feria-del-caballo-de-jerez-768x344.jpeg 768w, https:\/\/www.vacalia.com\/blog\/wp-content\/uploads\/2025\/05\/gastronomia-feria-del-caballo-de-jerez-1536x688.jpeg 1536w, https:\/\/www.vacalia.com\/blog\/wp-content\/uploads\/2025\/05\/gastronomia-feria-del-caballo-de-jerez-370x166.jpeg 370w, https:\/\/www.vacalia.com\/blog\/wp-content\/uploads\/2025\/05\/gastronomia-feria-del-caballo-de-jerez-770x345.jpeg 770w, https:\/\/www.vacalia.com\/blog\/wp-content\/uploads\/2025\/05\/gastronomia-feria-del-caballo-de-jerez.jpeg 2000w\" sizes=\"(max-width: 1024px) 100vw, 1024px\" \/><figcaption class=\"wp-element-caption\">Gastronom\u00eda en la Feria del Caballo en Jerez de la Frontera<\/figcaption><\/figure><\/div>\n\n\n<p><strong>Actividades para familias<\/strong><\/p>\n\n\n\n<p>Si visit\u00e1is la Feria del Caballo con ni\u00f1os, estar\u00e9is encantados de saber que hay numerosas actividades pensadas especialmente para los m\u00e1s peque\u00f1os. El Parque de Atracciones ubicado en uno de los extremos del recinto ferial ofrece diversi\u00f3n garantizada con sus numerosas atracciones adaptadas a todas las edades.<\/p>\n\n\n\n<p>Adem\u00e1s, muchas de las casetas programan actividades infantiles durante las horas de tarde, incluyendo talleres de sevillanas o peque\u00f1os espect\u00e1culos. Los paseos en poni para los m\u00e1s peque\u00f1os son otra actividad muy popular que les permitir\u00e1 sentirse part\u00edcipes del esp\u00edritu ecuestre de la feria.<\/p>\n\n\n\n<h6 class=\"wp-block-heading\"><strong>Consejos para vestimenta y horarios<\/strong><\/h6>\n\n\n\n<p>Aunque no es obligatorio, muchos visitantes optan por vestir acorde con el ambiente de la feria. Para las mujeres, los trajes de flamenca son siempre una opci\u00f3n, aunque tambi\u00e9n pod\u00e9is optar por vestidos frescos y coloridos con un toque andaluz, quiz\u00e1s acompa\u00f1ados de un mant\u00f3n o un abanico. Los hombres suelen llevar pantalones claros con camisa, a\u00f1adiendo quiz\u00e1s un sombrero cordob\u00e9s si quer\u00e9is un toque m\u00e1s tradicional.<\/p>\n\n\n<div class=\"wp-block-image\">\n<figure class=\"aligncenter size-large\"><img loading=\"lazy\" decoding=\"async\" width=\"1024\" height=\"459\" src=\"https:\/\/www.vacalia.com\/blog\/wp-content\/uploads\/2025\/05\/trajes-feria-del-caballo-de-jerez-1024x459.jpeg\" alt=\"Trajes de flamenca de la Feria del Caballo en Jerez de la Frontera\" class=\"wp-image-7163\" srcset=\"https:\/\/www.vacalia.com\/blog\/wp-content\/uploads\/2025\/05\/trajes-feria-del-caballo-de-jerez-1024x459.jpeg 1024w, https:\/\/www.vacalia.com\/blog\/wp-content\/uploads\/2025\/05\/trajes-feria-del-caballo-de-jerez-300x134.jpeg 300w, https:\/\/www.vacalia.com\/blog\/wp-content\/uploads\/2025\/05\/trajes-feria-del-caballo-de-jerez-768x344.jpeg 768w, https:\/\/www.vacalia.com\/blog\/wp-content\/uploads\/2025\/05\/trajes-feria-del-caballo-de-jerez-370x166.jpeg 370w, https:\/\/www.vacalia.com\/blog\/wp-content\/uploads\/2025\/05\/trajes-feria-del-caballo-de-jerez-770x345.jpeg 770w, https:\/\/www.vacalia.com\/blog\/wp-content\/uploads\/2025\/05\/trajes-feria-del-caballo-de-jerez.jpeg 1400w\" sizes=\"(max-width: 1024px) 100vw, 1024px\" \/><figcaption class=\"wp-element-caption\">Trajes de flamenca de la Feria del Caballo en Jerez de la Frontera<\/figcaption><\/figure><\/div>\n\n\n<p>En cuanto a los horarios, la feria comienza a cobrar vida a partir del mediod\u00eda, alcanzando su punto \u00e1lgido entre las 14:00 y las 18:00 horas. Por la noche, la fiesta contin\u00faa hasta altas horas de la madrugada. Os recomendamos planificar al menos dos d\u00edas completos para poder disfrutar de todos los aspectos de la feria sin agobios.<\/p>\n\n\n\n<h6 class=\"wp-block-heading\"><strong>Consejos pr\u00e1cticos para disfrutar al m\u00e1ximo<\/strong><\/h6>\n\n\n\n<p><strong>C\u00f3mo llegar a Jerez<\/strong><\/p>\n\n\n\n<p>Jerez de la Frontera cuenta con excelentes conexiones que facilitan vuestra llegada desde cualquier punto de Espa\u00f1a o Europa. La ciudad dispone de un aeropuerto internacional con vuelos directos desde Madrid, Barcelona y varias ciudades europeas.<\/p>\n\n\n\n<p>Si prefer\u00eds viajar en tren, Jerez est\u00e1 perfectamente conectada mediante la red de Alta Velocidad, con conexiones frecuentes desde Madrid y Sevilla. El trayecto desde la capital andaluza dura aproximadamente una hora, lo que convierte a Jerez en un destino accesible incluso para visitas de un d\u00eda, aunque os recomendamos dedicarle al menos un fin de semana completo para disfrutar plenamente de la feria.<\/p>\n\n\n\n<p><strong>D\u00f3nde alojarse<\/strong><\/p>\n\n\n\n<p>Nuestras viviendas de alquiler vacacional, cada vez m\u00e1s populares en Jerez, ofrecen muchas ventajas: mayor espacio para familias o grupos de amigos, la posibilidad de descansar lejos del bullicio cuando lo necesit\u00e9is, y habitualmente mejor relaci\u00f3n calidad-precio que los hoteles durante estas fechas de temporada alta. Adem\u00e1s, muchas de estas casas se encuentran en barrios t\u00edpicos jerezanos, permiti\u00e9ndoos experimentar la vida local de una manera m\u00e1s aut\u00e9ntica.<\/p>\n\n\n\n<p><strong>Transporte local durante la feria<\/strong><\/p>\n\n\n\n<p>El Ayuntamiento de Jerez refuerza el servicio de transporte p\u00fablico durante la semana de feria. Los autobuses urbanos que conectan los principales barrios con el recinto ferial ampl\u00edan sus horarios, con servicios especiales nocturnos que facilitan el regreso a altas horas de la madrugada.<\/p>\n\n\n\n<p>Otra opci\u00f3n muy recomendable es el servicio de taxis, que funciona de manera permanente durante toda la semana de feria. Aunque en horas punta puede resultar algo dif\u00edcil encontrar un taxi libre, existen paradas estrat\u00e9gicamente ubicadas tanto en el recinto ferial como en el centro de la ciudad.<\/p>\n\n\n\n<p><strong>Qu\u00e9 llevar<\/strong><\/p>\n\n\n\n<p>El clima en Jerez durante mayo suele ser bastante agradable, con temperaturas que oscilan entre los 15\u00b0C y los 25\u00b0C. Sin embargo, ocasionalmente pueden darse d\u00edas de calor intenso, por lo que es fundamental llevar protecci\u00f3n solar (crema, gafas de sol y quiz\u00e1s un sombrero) si plane\u00e1is pasar muchas horas al aire libre.<\/p>\n\n\n\n<p>El calzado c\u00f3modo es imprescindible, ya que pasar\u00e9is mucho tiempo caminando por el recinto ferial. Las mujeres deber\u00edan evitar los tacones muy altos, especialmente si planean participar en los bailes de sevillanas.<\/p>\n\n\n\n<p>Un abanico no es solo un complemento decorativo, sino una herramienta pr\u00e1ctica para combatir el calor. Igualmente, llevar una botella de agua os ayudar\u00e1 a manteneros hidratados durante las largas jornadas de feria.<\/p>\n\n\n\n<h6 class=\"wp-block-heading\"><strong>Costumbres locales durante la feria del Caballo<\/strong><\/h6>\n\n\n\n<p><strong>Tradiciones poco conocidas<\/strong><\/p>\n\n\n\n<p>La noche anterior a la inauguraci\u00f3n oficial, miles de jerezanos acuden a las casetas para degustar exclusivamente platos de pescado frito, creando una especie de preludio gastron\u00f3mico a la semana de celebraciones.<\/p>\n\n\n\n<p>Otro ritual caracter\u00edstico es el \u00abalumbrao\u00bb, el momento en que se encienden todas las luces del recinto ferial la primera noche, marcando el inicio oficial de la feria.&nbsp;<\/p>\n\n\n<div class=\"wp-block-image\">\n<figure class=\"aligncenter size-large\"><img loading=\"lazy\" decoding=\"async\" width=\"1024\" height=\"458\" src=\"https:\/\/www.vacalia.com\/blog\/wp-content\/uploads\/2025\/05\/alumbrao-feria-del-caballo-de-jerez-1024x458.jpeg\" alt=\"El &quot;alumbrao&quot; de la Feria del Caballo en Jerez de la Frontera\" class=\"wp-image-7159\" srcset=\"https:\/\/www.vacalia.com\/blog\/wp-content\/uploads\/2025\/05\/alumbrao-feria-del-caballo-de-jerez-1024x458.jpeg 1024w, https:\/\/www.vacalia.com\/blog\/wp-content\/uploads\/2025\/05\/alumbrao-feria-del-caballo-de-jerez-300x134.jpeg 300w, https:\/\/www.vacalia.com\/blog\/wp-content\/uploads\/2025\/05\/alumbrao-feria-del-caballo-de-jerez-768x344.jpeg 768w, https:\/\/www.vacalia.com\/blog\/wp-content\/uploads\/2025\/05\/alumbrao-feria-del-caballo-de-jerez-370x166.jpeg 370w, https:\/\/www.vacalia.com\/blog\/wp-content\/uploads\/2025\/05\/alumbrao-feria-del-caballo-de-jerez-770x345.jpeg 770w, https:\/\/www.vacalia.com\/blog\/wp-content\/uploads\/2025\/05\/alumbrao-feria-del-caballo-de-jerez.jpeg 1200w\" sizes=\"(max-width: 1024px) 100vw, 1024px\" \/><figcaption class=\"wp-element-caption\">El \u00abalumbrao\u00bb de la Feria del Caballo en Jerez de la Frontera<\/figcaption><\/figure><\/div>\n\n\n<p>Una costumbre muy arraigada entre los jerezanos es el \u00abcambio de caseta\u00bb. Durante un d\u00eda en la feria, es habitual visitar varias casetas diferentes, saludando a amigos y conocidos en cada una de ellas. Este peregrinaje social va acompa\u00f1ado por copas de fino o rebujito, creando un ambiente de convivencia y hospitalidad caracter\u00edstico de la idiosincrasia andaluza.<\/p>\n\n\n\n<p>Otra tradici\u00f3n local es la \u00abcomida de feria\u00bb, una reuni\u00f3n familiar extendida que se celebra habitualmente el domingo de feria. Familias enteras, desde los abuelos hasta los nietos, se re\u00fanen en una caseta para disfrutar de un almuerzo que se prolonga durante horas, con platos tradicionales que pasan de generaci\u00f3n en generaci\u00f3n.<\/p>\n\n\n\n<p>\u00bfOs anim\u00e1is a descubrir la Feria del Caballo? Mayo espera en Jerez con sus d\u00edas soleados, sus noches de m\u00fasica y baile, y esa atm\u00f3sfera especial que solo se respira cuando una ciudad celebra con orgullo sus tradiciones m\u00e1s queridas.<\/p>\n\n\n<div class=\"bannerBlog\"><div class=\"new-card-houses\">\n    <div class=\"likeOut likeDivOut\" style=\"display:none\">\n        <a data-id=\"5013\" class=\"likeOut_button_red likeBtnFav\"\n            aria-label=\"Megusta Vacalia\"><\/a>\n    <\/div>\n    <figure>\n        <img loading=\"lazy\" decoding=\"async\" \n            loading=\"lazy\" width=\"301\" height=\"200\"\n            src=\"\/\/media.vacalia.com\/photo\/reformatwebpfolder\/350\/200\/5013\/thumb-middle\/5013_ce9c8981bf1f734449a63e67b5f5d796.webp?v=21092023\"\n            alt=\"Loft santiago - Alquiler vacacional en Jerez de la Frontera\"\/>\n                                                                    <\/figure>\n    <p itemprop=\"address\"><i class=\"ico-marker\"><\/i>Jerez de la Frontera, C\u00e1diz<\/p>\n    <h3 itemprop=\"name\">Loft santiago<\/h3>\n    <ul class=\"icon_list inline_list\">\n                              <li class=\"ico-airConditioning\" title=\"Aire Acondicionado\">\n              <span itemprop=\"amenityFeature\">Aire Acondicionado<\/span>\n            <\/li>\n                      <li class=\"ico-wifi\" title=\"Wifi\">\n              <span itemprop=\"amenityFeature\">Wifi<\/span>\n            <\/li>\n                      <li class=\"ico-pets\" title=\"Mascotas\">\n              <span itemprop=\"amenityFeature\">Mascotas<\/span>\n            <\/li>\n                          <li class=\"ico-guests\" title=\"Para 2+2   hu\u00e9spedes en Jerez De La Frontera.\">\n          <span itemprop=\"occupancy\">2+2  <\/span>\n        <\/li>\n    <\/ul>\n            <span class=\"price\">Desde 41\u20ac \/ noche<\/span>\n                <a itemprop=\"url\" class=\"anchor\" href=\"https:\/\/www.vacalia.com\/es\/apartamento-loft-santiago-jerez-de-la-frontera-h29303\" aria-label=\"Loft santiago\"><\/a>\n<\/div><div class=\"new-card-houses\">\n    <div class=\"likeOut likeDivOut\" style=\"display:none\">\n        <a data-id=\"4867\" class=\"likeOut_button_red likeBtnFav\"\n            aria-label=\"Megusta Vacalia\"><\/a>\n    <\/div>\n    <figure>\n        <img loading=\"lazy\" decoding=\"async\" \n            loading=\"lazy\" width=\"301\" height=\"200\"\n            src=\"\/\/media.vacalia.com\/photo\/reformatwebpfolder\/350\/200\/4867\/thumb-middle\/4867_5f1bae78d3bc50b65ff7f83fea01ad65.webp?v=21092023\"\n            alt=\"La ronda (c\u00e1diz) - Alquiler vacacional en Jerez de la Frontera\"\/>\n                                                                    <\/figure>\n    <p itemprop=\"address\"><i class=\"ico-marker\"><\/i>Jerez de la Frontera, C\u00e1diz<\/p>\n    <h3 itemprop=\"name\">La ronda (c\u00e1diz)<\/h3>\n    <ul class=\"icon_list inline_list\">\n                              <li class=\"ico-airConditioning\" title=\"Aire Acondicionado\">\n              <span itemprop=\"amenityFeature\">Aire Acondicionado<\/span>\n            <\/li>\n                      <li class=\"ico-wifi\" title=\"Wifi\">\n              <span itemprop=\"amenityFeature\">Wifi<\/span>\n            <\/li>\n                          <li class=\"ico-guests\" title=\"Para 2+2   hu\u00e9spedes en Jerez De La Frontera.\">\n          <span itemprop=\"occupancy\">2+2  <\/span>\n        <\/li>\n    <\/ul>\n            <span class=\"price\">Desde 39\u20ac \/ noche<\/span>\n                <a itemprop=\"url\" class=\"anchor\" href=\"https:\/\/www.vacalia.com\/es\/apartamento-la-ronda-cadiz-jerez-de-la-frontera-h27719\" aria-label=\"La ronda (c\u00e1diz)\"><\/a>\n<\/div><\/div>\n","protected":false},"excerpt":{"rendered":"<p>La Feria del Caballo de Jerez de la Frontera representa uno de los eventos culturales m\u00e1s espectaculares del sur de Espa\u00f1a. Cada mes de mayo, la ciudad se transforma en&hellip;<\/p>\n","protected":false},"author":1,"featured_media":7159,"comment_status":"closed","ping_status":"open","sticky":false,"template":"","format":"standard","meta":{"_monsterinsights_skip_tracking":false,"_monsterinsights_sitenote_active":false,"_monsterinsights_sitenote_note":"","_monsterinsights_sitenote_category":0,"footnotes":""},"categories":[685,711,1],"tags":[],"class_list":["post-7157","post","type-post","status-publish","format-standard","has-post-thumbnail","hentry","category-cadiz-es","category-fiestas-y-tradiciones-de-cadiz","category-general-es"],"_links":{"self":[{"href":"https:\/\/www.vacalia.com\/blog\/wp-json\/wp\/v2\/posts\/7157"}],"collection":[{"href":"https:\/\/www.vacalia.com\/blog\/wp-json\/wp\/v2\/posts"}],"about":[{"href":"https:\/\/www.vacalia.com\/blog\/wp-json\/wp\/v2\/types\/post"}],"author":[{"embeddable":true,"href":"https:\/\/www.vacalia.com\/blog\/wp-json\/wp\/v2\/users\/1"}],"replies":[{"embeddable":true,"href":"https:\/\/www.vacalia.com\/blog\/wp-json\/wp\/v2\/comments?post=7157"}],"version-history":[{"count":3,"href":"https:\/\/www.vacalia.com\/blog\/wp-json\/wp\/v2\/posts\/7157\/revisions"}],"predecessor-version":[{"id":7173,"href":"https:\/\/www.vacalia.com\/blog\/wp-json\/wp\/v2\/posts\/7157\/revisions\/7173"}],"wp:featuredmedia":[{"embeddable":true,"href":"https:\/\/www.vacalia.com\/blog\/wp-json\/wp\/v2\/media\/7159"}],"wp:attachment":[{"href":"https:\/\/www.vacalia.com\/blog\/wp-json\/wp\/v2\/media?parent=7157"}],"wp:term":[{"taxonomy":"category","embeddable":true,"href":"https:\/\/www.vacalia.com\/blog\/wp-json\/wp\/v2\/categories?post=7157"},{"taxonomy":"post_tag","embeddable":true,"href":"https:\/\/www.vacalia.com\/blog\/wp-json\/wp\/v2\/tags?post=7157"}],"curies":[{"name":"wp","href":"https:\/\/api.w.org\/{rel}","templated":true}]}}