{"id":7167,"date":"2025-05-02T10:23:30","date_gmt":"2025-05-02T08:23:30","guid":{"rendered":"https:\/\/www.vacalia.com\/blog\/?p=7167"},"modified":"2025-07-08T11:39:30","modified_gmt":"2025-07-08T09:39:30","slug":"entdecken-sie-die-pferdemesse-von-jerez","status":"publish","type":"post","link":"https:\/\/www.vacalia.com\/blog\/entdecken-sie-die-pferdemesse-von-jerez\/","title":{"rendered":"Entdecken Sie die Pferdemesse von Jerez"},"content":{"rendered":"\n<p>Die Pferdemesse von <strong><a href=\"https:\/\/www.vacalia.com\/de\/ferienhaus-jerez-de-la-frontera\" target=\"_blank\" rel=\"noreferrer noopener\">Jerez de la Frontera<\/a><\/strong> ist eines der spektakul\u00e4rsten kulturellen Ereignisse in S\u00fcdspanien. Jedes Jahr im Mai verwandelt sich die Stadt in eine B\u00fchne, auf der Pferde, Wein und Flamenco die unbestrittenen Stars der Show sind.<\/p>\n\n\n\n<p>Wenn Sie in das authentische Andalusien eintauchen und Traditionen entdecken m\u00f6chten, die auch im 21. Jahrhundert noch lebendig sind, ist die Pferdemesse von Jerez eine unschlagbare Gelegenheit, die Kultur dieses Landes kennen zu lernen.<\/p>\n\n\n\n<h2 class=\"wp-block-heading has-medium-font-size\"><strong>Geschichte und Ursprung der Messe<\/strong><\/h2>\n\n\n\n<p>Die Pferdemesse hat tiefe Wurzeln, die bis ins 13. Jahrhundert zur\u00fcckreichen. Jahrhundert zur\u00fcckreichen. Damals wurden in <strong><a href=\"https:\/\/www.vacalia.com\/de\/jerez-de-la-frontera-cadiz-p1416\" target=\"_blank\" rel=\"noreferrer noopener\">Jerez<\/a><\/strong> Viehm\u00e4rkte abgehalten, auf denen Pferde gekauft und verkauft wurden, eine Tradition, die untrennbar mit der Seele der Stadt verbunden ist. Im Laufe der Jahrhunderte entwickelten sich diese kommerziellen Treffen weiter und machten einem spielerischen Fest Platz, bei dem das Pferd zwar immer noch die Hauptrolle spielte, aber nun von Musik, Tanz, Gastronomie und Spa\u00df begleitet wurde.<\/p>\n\n\n\n<p>Im Jahr 1966 wurde die Messe offiziell als Pferdemesse anerkannt und findet seitdem jedes Jahr im Gonz\u00e1lez-Hontoria-Park statt, der sich auf einer Fl\u00e4che von mehr als 50.000 Quadratmetern in eine kleine fl\u00fcchtige Stadt aus Licht und Farbe verwandelt.<\/p>\n\n\n\n<p>Wenn Sie sich f\u00fcr authentische Traditionen begeistern und den wahren andalusischen Geist kennen lernen wollen, werden Sie bald verstehen, warum diese Messe als von internationalem touristischem Interesse angesehen wird.<\/p>\n\n\n<div class=\"wp-block-image\">\n<figure class=\"aligncenter size-large\"><img fetchpriority=\"high\" decoding=\"async\" width=\"1024\" height=\"459\" src=\"https:\/\/www.vacalia.com\/blog\/wp-content\/uploads\/2025\/05\/feria-del-caballo-de-jerez-1024x459.jpeg\" alt=\"Pferdemesse in Jerez de la Frontera\" class=\"wp-image-7158\" srcset=\"https:\/\/www.vacalia.com\/blog\/wp-content\/uploads\/2025\/05\/feria-del-caballo-de-jerez-1024x459.jpeg 1024w, https:\/\/www.vacalia.com\/blog\/wp-content\/uploads\/2025\/05\/feria-del-caballo-de-jerez-300x134.jpeg 300w, https:\/\/www.vacalia.com\/blog\/wp-content\/uploads\/2025\/05\/feria-del-caballo-de-jerez-768x344.jpeg 768w, https:\/\/www.vacalia.com\/blog\/wp-content\/uploads\/2025\/05\/feria-del-caballo-de-jerez-1536x688.jpeg 1536w, https:\/\/www.vacalia.com\/blog\/wp-content\/uploads\/2025\/05\/feria-del-caballo-de-jerez-370x166.jpeg 370w, https:\/\/www.vacalia.com\/blog\/wp-content\/uploads\/2025\/05\/feria-del-caballo-de-jerez-770x345.jpeg 770w, https:\/\/www.vacalia.com\/blog\/wp-content\/uploads\/2025\/05\/feria-del-caballo-de-jerez.jpeg 2000w\" sizes=\"(max-width: 1024px) 100vw, 1024px\" \/><figcaption class=\"wp-element-caption\">Pferdemesse in Jerez de la Frontera<\/figcaption><\/figure><\/div>\n\n\n<h2 class=\"wp-block-heading has-medium-font-size\"><strong>Was macht die Pferdemesse einzigartig?<\/strong><\/h2>\n\n\n\n<p>Wenn es etwas gibt, was die Messe von Jerez von anderen \u00e4hnlichen Festen in Andalusien unterscheidet, dann ist es zweifellos die absolute Vorrangstellung des Pferdes. Die ganze Woche \u00fcber kann man das st\u00e4ndige Kommen und Gehen von Reitern in traditionellen Kost\u00fcmen beobachten, die auf f\u00fcr diesen Anlass geschm\u00fcckten Pferden reiten.<\/p>\n\n\n\n<p>Eine weitere Besonderheit, die Ihnen sofort auffallen wird, ist der offene Charakter der Casetas. Im Gegensatz zu anderen andalusischen Messen, wie z. B. in <strong><a href=\"https:\/\/www.vacalia.com\/de\/sevilla-urlaub\" target=\"_blank\" rel=\"noreferrer noopener\">Sevilla<\/a><\/strong>, wo viele der Casetas privat sind, ist in Jerez die \u00fcberwiegende Mehrheit der Casetas f\u00fcr die \u00d6ffentlichkeit zug\u00e4nglich. Diese Besonderheit spiegelt den gastfreundlichen Geist der Einwohner von Jerez wider, die alle Besucher einladen, sich wie zu Hause zu f\u00fchlen und die Gastronomie, den Tanz und die Flamenco-Musik zu genie\u00dfen.<\/p>\n\n\n\n<p>Und wie es im Land des Sherrys nicht anders sein kann, ist der Wein in jeder Ecke der Messe pr\u00e4sent. Vom trockensten Finos bis zum s\u00fc\u00dfesten Pedro Xim\u00e9nez &#8211; all diese \u00f6nologischen Kostbarkeiten passen perfekt zu den gastronomischen und gesellschaftlichen Erfahrungen, die die Messe bietet.<\/p>\n\n\n\n<h2 class=\"wp-block-heading has-medium-font-size\"><strong>Nicht zu verpassen<\/strong><\/h2>\n\n\n\n<p><strong>Pferde- und Kutschenparaden<\/strong><\/p>\n\n\n\n<p>Der H\u00f6hepunkt eines jeden Tages auf der Pferdemesse ist die traditionelle Pferde- und Kutschenparade. Jeden Tag ziehen Hunderte von Pferden durch das Messegel\u00e4nde, geritten von Reitern und Reiterinnen in traditioneller andalusischer Tracht.<\/p>\n\n\n\n<p>Dieses Spektakel erreicht seinen H\u00f6hepunkt am Wochenende, wenn der Concurso Morfol\u00f3gico de Ganado Selecto Caballar stattfindet, bei dem Sie einige der besten Exemplare der Pura Raza Espa\u00f1ola bewundern k\u00f6nnen. Die traditionellen Kutschen, von kleinen Pferdekutschen bis hin zu gro\u00dfen Kutschen, die von mehreren Pferden gezogen werden, sind eine weitere beeindruckende visuelle Attraktion, die an vergangene Zeiten erinnern, als diese Fahrzeuge das \u00fcbliche Transportmittel der wohlhabendsten Familien waren.<\/p>\n\n\n<div class=\"wp-block-image\">\n<figure class=\"aligncenter size-large\"><img decoding=\"async\" width=\"1024\" height=\"459\" src=\"https:\/\/www.vacalia.com\/blog\/wp-content\/uploads\/2025\/05\/carruaje-feria-del-caballo-de-jerez-1024x459.jpeg\" alt=\"Traditionelle Kutsche vom Pferdemarkt in Jerez de la Frontera\" class=\"wp-image-7160\" srcset=\"https:\/\/www.vacalia.com\/blog\/wp-content\/uploads\/2025\/05\/carruaje-feria-del-caballo-de-jerez-1024x459.jpeg 1024w, https:\/\/www.vacalia.com\/blog\/wp-content\/uploads\/2025\/05\/carruaje-feria-del-caballo-de-jerez-300x134.jpeg 300w, https:\/\/www.vacalia.com\/blog\/wp-content\/uploads\/2025\/05\/carruaje-feria-del-caballo-de-jerez-768x344.jpeg 768w, https:\/\/www.vacalia.com\/blog\/wp-content\/uploads\/2025\/05\/carruaje-feria-del-caballo-de-jerez-370x166.jpeg 370w, https:\/\/www.vacalia.com\/blog\/wp-content\/uploads\/2025\/05\/carruaje-feria-del-caballo-de-jerez-770x345.jpeg 770w, https:\/\/www.vacalia.com\/blog\/wp-content\/uploads\/2025\/05\/carruaje-feria-del-caballo-de-jerez.jpeg 1322w\" sizes=\"(max-width: 1024px) 100vw, 1024px\" \/><figcaption class=\"wp-element-caption\">Traditionelle Kutsche vom Pferdemarkt in Jerez de la Frontera<\/figcaption><\/figure><\/div>\n\n\n<p><strong>Ausstellungen in der K\u00f6niglich Andalusischen Schule f\u00fcr Reitkunst<\/strong><\/p>\n\n\n\n<p>Obwohl sie sich au\u00dferhalb des Messegel\u00e4ndes befindet, w\u00e4re kein Besuch in Jerez w\u00e4hrend der Feria del Caballo ohne einen Besuch der weltber\u00fchmten Real Escuela Andaluza del Arte Ecuestre (K\u00f6nigliche Andalusische Schule f\u00fcr Reitkunst) vollst\u00e4ndig. W\u00e4hrend der Messewoche zeigt diese renommierte Einrichtung Sonderausstellungen zum Thema \u00abWie die andalusischen Pferde tanzen\u00bb, eine einzigartige Show, bei der die Reiter ihr K\u00f6nnen in den verschiedenen Disziplinen der Dressur und der Doma Vaquera unter Beweis stellen.<\/p>\n\n\n\n<p>Wir empfehlen Ihnen, Ihre Karten im Voraus zu reservieren, da diese Shows w\u00e4hrend der Messe schnell ausverkauft sind. Die Kombination aus Musik, technischer Pr\u00e4zision und der Eleganz der Kart\u00e4userpferde schafft eine Show, die weltweit einzigartig ist.<\/p>\n\n\n<div class=\"wp-block-image\">\n<figure class=\"aligncenter size-large\"><img decoding=\"async\" width=\"1024\" height=\"459\" src=\"https:\/\/www.vacalia.com\/blog\/wp-content\/uploads\/2025\/05\/jinetes-feria-del-caballo-de-jerez-1024x459.jpeg\" alt=\"Reiter der Pferdemesse in Jerez de la Frontera\" class=\"wp-image-7162\" srcset=\"https:\/\/www.vacalia.com\/blog\/wp-content\/uploads\/2025\/05\/jinetes-feria-del-caballo-de-jerez-1024x459.jpeg 1024w, https:\/\/www.vacalia.com\/blog\/wp-content\/uploads\/2025\/05\/jinetes-feria-del-caballo-de-jerez-300x134.jpeg 300w, https:\/\/www.vacalia.com\/blog\/wp-content\/uploads\/2025\/05\/jinetes-feria-del-caballo-de-jerez-768x344.jpeg 768w, https:\/\/www.vacalia.com\/blog\/wp-content\/uploads\/2025\/05\/jinetes-feria-del-caballo-de-jerez-1536x688.jpeg 1536w, https:\/\/www.vacalia.com\/blog\/wp-content\/uploads\/2025\/05\/jinetes-feria-del-caballo-de-jerez-370x166.jpeg 370w, https:\/\/www.vacalia.com\/blog\/wp-content\/uploads\/2025\/05\/jinetes-feria-del-caballo-de-jerez-770x345.jpeg 770w, https:\/\/www.vacalia.com\/blog\/wp-content\/uploads\/2025\/05\/jinetes-feria-del-caballo-de-jerez.jpeg 2000w\" sizes=\"(max-width: 1024px) 100vw, 1024px\" \/><figcaption class=\"wp-element-caption\">Reiter der Pferdemesse in Jerez de la Frontera<\/figcaption><\/figure><\/div>\n\n\n<p><strong>Gastronomie auf der Messe<\/strong><\/p>\n\n\n\n<p>Ein wesentlicher Bestandteil Ihres Erlebnisses auf der Pferdemesse ist zweifellos die Gastronomie. Die St\u00e4nde bieten ein breites Repertoire an traditionellen Gerichten, die Sie unbedingt probieren sollten. Gebratener Fisch ist einer der beliebtesten Snacks: Boquerones (Sardellen), marinierter Dornhai und Tintenfisch sind nur einige der K\u00f6stlichkeiten, die Sie hier finden.<\/p>\n\n\n\n<p>Traditionelle Tapas wie Ochsenschwanz, Kartoffelomelett oder handgeschnittener Schinken sind ebenfalls an fast allen St\u00e4nden zu finden. All das wird nat\u00fcrlich mit den ber\u00fchmten Weinen aus Jerez begossen, vom trockenen Fino (der perfekt zu den Tapas passt) bis zum s\u00fc\u00dfen Pedro Xim\u00e9nez, der ideal f\u00fcr Desserts ist.<\/p>\n\n\n\n<p>Vergessen Sie nicht, den Rebujito zu probieren, das Stargetr\u00e4nk der Messe, das aus einer Mischung aus Manzanilla- oder Fino-Wein mit Limonensoda besteht und in Kr\u00fcgen mit Eis serviert wird. Erfrischend und leicht, ist er der perfekte Begleiter f\u00fcr lange Messetage.<\/p>\n\n\n<div class=\"wp-block-image\">\n<figure class=\"aligncenter size-large\"><img loading=\"lazy\" decoding=\"async\" width=\"1024\" height=\"459\" src=\"https:\/\/www.vacalia.com\/blog\/wp-content\/uploads\/2025\/05\/gastronomia-feria-del-caballo-de-jerez-1024x459.jpeg\" alt=\"Gastronomie auf der Pferdemesse in Jerez de la Frontera\" class=\"wp-image-7161\" srcset=\"https:\/\/www.vacalia.com\/blog\/wp-content\/uploads\/2025\/05\/gastronomia-feria-del-caballo-de-jerez-1024x459.jpeg 1024w, https:\/\/www.vacalia.com\/blog\/wp-content\/uploads\/2025\/05\/gastronomia-feria-del-caballo-de-jerez-300x134.jpeg 300w, https:\/\/www.vacalia.com\/blog\/wp-content\/uploads\/2025\/05\/gastronomia-feria-del-caballo-de-jerez-768x344.jpeg 768w, https:\/\/www.vacalia.com\/blog\/wp-content\/uploads\/2025\/05\/gastronomia-feria-del-caballo-de-jerez-1536x688.jpeg 1536w, https:\/\/www.vacalia.com\/blog\/wp-content\/uploads\/2025\/05\/gastronomia-feria-del-caballo-de-jerez-370x166.jpeg 370w, https:\/\/www.vacalia.com\/blog\/wp-content\/uploads\/2025\/05\/gastronomia-feria-del-caballo-de-jerez-770x345.jpeg 770w, https:\/\/www.vacalia.com\/blog\/wp-content\/uploads\/2025\/05\/gastronomia-feria-del-caballo-de-jerez.jpeg 2000w\" sizes=\"(max-width: 1024px) 100vw, 1024px\" \/><figcaption class=\"wp-element-caption\">Gastronomie auf der Pferdemesse in Jerez de la Frontera<\/figcaption><\/figure><\/div>\n\n\n<p><strong>Aktivit\u00e4ten f\u00fcr Familien<\/strong><\/p>\n\n\n\n<p>Wenn Sie die Pferdemesse mit Kindern besuchen, wird es Sie freuen zu h\u00f6ren, dass es zahlreiche Aktivit\u00e4ten speziell f\u00fcr die Kleinen gibt. Der Vergn\u00fcgungspark, der sich an einem Ende des Messegel\u00e4ndes befindet, bietet mit seinen zahlreichen Attraktionen, die f\u00fcr alle Altersgruppen geeignet sind, garantierten Spa\u00df.<\/p>\n\n\n\n<p>Dar\u00fcber hinaus bieten viele der Casetas in den Nachmittagsstunden Aktivit\u00e4ten f\u00fcr Kinder an, darunter Sevillanas-Workshops und kleine Shows. Ponyreiten f\u00fcr die Kleinen ist eine weitere beliebte Aktivit\u00e4t, die es ihnen erm\u00f6glicht, sich in den reiterlichen Geist des Festes einzuf\u00fchlen.<\/p>\n\n\n\n<h2 class=\"wp-block-heading has-medium-font-size\"><strong>Kleidung und Fahrplanberatung<\/strong><\/h2>\n\n\n\n<p>Obwohl es nicht vorgeschrieben ist, entscheiden sich viele Besucher f\u00fcr eine der Atmosph\u00e4re des Festes entsprechende Kleidung. F\u00fcr Frauen sind Flamencokleider immer eine Option, aber Sie k\u00f6nnen sich auch f\u00fcr frische und farbenfrohe Kleider mit andalusischem Touch entscheiden, die vielleicht von einem Schal oder F\u00e4cher begleitet werden. M\u00e4nner tragen in der Regel helle Hosen und ein Hemd, vielleicht mit einem Cordoban-Hut, wenn Sie einen traditionelleren Touch w\u00fcnschen.<\/p>\n\n\n<div class=\"wp-block-image\">\n<figure class=\"aligncenter size-large\"><img loading=\"lazy\" decoding=\"async\" width=\"1024\" height=\"459\" src=\"https:\/\/www.vacalia.com\/blog\/wp-content\/uploads\/2025\/05\/trajes-feria-del-caballo-de-jerez-1024x459.jpeg\" alt=\"Flamenco-Kost\u00fcme von der Pferdemesse in Jerez de la Frontera\" class=\"wp-image-7163\" srcset=\"https:\/\/www.vacalia.com\/blog\/wp-content\/uploads\/2025\/05\/trajes-feria-del-caballo-de-jerez-1024x459.jpeg 1024w, https:\/\/www.vacalia.com\/blog\/wp-content\/uploads\/2025\/05\/trajes-feria-del-caballo-de-jerez-300x134.jpeg 300w, https:\/\/www.vacalia.com\/blog\/wp-content\/uploads\/2025\/05\/trajes-feria-del-caballo-de-jerez-768x344.jpeg 768w, https:\/\/www.vacalia.com\/blog\/wp-content\/uploads\/2025\/05\/trajes-feria-del-caballo-de-jerez-370x166.jpeg 370w, https:\/\/www.vacalia.com\/blog\/wp-content\/uploads\/2025\/05\/trajes-feria-del-caballo-de-jerez-770x345.jpeg 770w, https:\/\/www.vacalia.com\/blog\/wp-content\/uploads\/2025\/05\/trajes-feria-del-caballo-de-jerez.jpeg 1400w\" sizes=\"(max-width: 1024px) 100vw, 1024px\" \/><figcaption class=\"wp-element-caption\">Flamenco-Kost\u00fcme von der Pferdemesse in Jerez de la Frontera<\/figcaption><\/figure><\/div>\n\n\n<p>Was die \u00d6ffnungszeiten anbelangt, so beginnt die Messe ab Mittag zu leben und erreicht ihren H\u00f6hepunkt zwischen 14:00 und 18:00 Uhr. In der Nacht geht die Party bis in die fr\u00fchen Morgenstunden weiter. Wir empfehlen, mindestens zwei volle Tage einzuplanen, um alle Aspekte der Messe genie\u00dfen zu k\u00f6nnen, ohne \u00fcberw\u00e4ltigt zu werden.<\/p>\n\n\n\n<h2 class=\"wp-block-heading has-medium-font-size\"><strong>Praktische Tipps f\u00fcr maximales Vergn\u00fcgen<\/strong><\/h2>\n\n\n\n<p><strong>Wie man nach Jerez kommt<\/strong><\/p>\n\n\n\n<p>Jerez de la Frontera verf\u00fcgt \u00fcber ausgezeichnete Verbindungen, die Ihre Anreise von jedem Ort in Spanien oder Europa aus erleichtern. Die Stadt verf\u00fcgt \u00fcber einen internationalen Flughafen mit Direktfl\u00fcgen von Madrid, Barcelona und mehreren europ\u00e4ischen St\u00e4dten.<\/p>\n\n\n\n<p>Wenn Sie lieber mit dem Zug anreisen, ist Jerez durch das Hochgeschwindigkeitsnetz mit h\u00e4ufigen Verbindungen von Madrid und Sevilla aus perfekt angebunden. Die Fahrt von der andalusischen Hauptstadt dauert etwa eine Stunde, so dass Jerez auch f\u00fcr Tagesbesuche gut erreichbar ist, obwohl wir empfehlen, mindestens ein ganzes Wochenende einzuplanen, um die Messe in vollen Z\u00fcgen zu genie\u00dfen.<\/p>\n\n\n\n<p><strong>Unterbringung<\/strong><\/p>\n\n\n\n<p>Unsere immer beliebter werdenden Ferienh\u00e4user in Jerez bieten viele Vorteile: mehr Platz f\u00fcr Familien oder Gruppen von Freunden, die M\u00f6glichkeit, sich abseits des Trubels zu entspannen, wenn Sie es brauchen, und in der Regel ein besseres Preis-Leistungs-Verh\u00e4ltnis als Hotels in der Hochsaison. Au\u00dferdem befinden sich viele dieser H\u00e4user in typischen Stadtvierteln von Jerez, so dass Sie das lokale Leben auf authentische Weise erleben k\u00f6nnen.<\/p>\n\n\n\n<p><strong>Nahverkehr w\u00e4hrend der Messe<\/strong><\/p>\n\n\n\n<p>Die Stadtverwaltung von Jerez verst\u00e4rkt w\u00e4hrend der Messewoche das Angebot an \u00f6ffentlichen Verkehrsmitteln. Die Stadtbusse, die die wichtigsten Stadtteile mit dem Messegel\u00e4nde verbinden, erweitern ihre Fahrpl\u00e4ne und bieten spezielle Nachtfahrten an, die die R\u00fcckkehr in den fr\u00fchen Morgenstunden erleichtern.<\/p>\n\n\n\n<p>Eine weitere sehr empfehlenswerte M\u00f6glichkeit ist der Taxidienst, der w\u00e4hrend der gesamten Messewoche st\u00e4ndig in Betrieb ist. Obwohl es zu Sto\u00dfzeiten schwierig sein kann, ein freies Taxi zu finden, gibt es sowohl auf dem Messegel\u00e4nde als auch im Stadtzentrum strategisch g\u00fcnstig gelegene Taxist\u00e4nde.<\/p>\n\n\n\n<p><strong>Was Sie mitbringen sollten<\/strong><\/p>\n\n\n\n<p>Im Mai ist das Wetter in Jerez in der Regel recht angenehm, die Temperaturen liegen zwischen 15\u00b0C und 25\u00b0C. Allerdings kann es gelegentlich Tage mit gro\u00dfer Hitze geben, so dass Sonnenschutz (Sonnencreme, Sonnenbrille und vielleicht ein Hut) unerl\u00e4sslich ist, wenn Sie planen, viele Stunden im Freien zu verbringen.<\/p>\n\n\n\n<p>Bequeme Schuhe sind ein Muss, da Sie viel Zeit auf dem Messegel\u00e4nde verbringen werden. Frauen sollten sehr hohe Abs\u00e4tze vermeiden, vor allem wenn sie an den Sevillanas-T\u00e4nzen teilnehmen m\u00f6chten.<\/p>\n\n\n\n<p>Ein Ventilator ist nicht nur ein dekoratives Accessoire, sondern auch ein praktisches Hilfsmittel gegen die Hitze. Eine Flasche Wasser hilft Ihnen auch, w\u00e4hrend der langen Messetage hydriert zu bleiben.<\/p>\n\n\n\n<h2 class=\"wp-block-heading has-medium-font-size\"><strong>Lokale Br\u00e4uche w\u00e4hrend der Pferdemesse<\/strong><\/h2>\n\n\n\n<p><strong>Wenig bekannte Traditionen<\/strong><\/p>\n\n\n\n<p>Am Abend vor der offiziellen Er\u00f6ffnung str\u00f6men Tausende von Einwohnern von Jerez in die \u00abCasetas\u00bb, um ausschlie\u00dflich gebratene Fischgerichte zu probieren und so eine Art gastronomischen Auftakt f\u00fcr die Festwoche zu schaffen.<\/p>\n\n\n\n<p>Ein weiteres charakteristisches Ritual ist der \u00abAlumbrao\u00bb, der Moment, in dem in der ersten Nacht alle Lichter auf dem Messegel\u00e4nde angez\u00fcndet werden und damit der offizielle Beginn der Messe markiert wird.<\/p>\n\n\n<div class=\"wp-block-image\">\n<figure class=\"aligncenter size-large\"><img loading=\"lazy\" decoding=\"async\" width=\"1024\" height=\"458\" src=\"https:\/\/www.vacalia.com\/blog\/wp-content\/uploads\/2025\/05\/alumbrao-feria-del-caballo-de-jerez-1024x458.jpeg\" alt=\"Das \u201ealumbrao\u201c der Pferdemesse in Jerez de la Frontera\" class=\"wp-image-7159\" srcset=\"https:\/\/www.vacalia.com\/blog\/wp-content\/uploads\/2025\/05\/alumbrao-feria-del-caballo-de-jerez-1024x458.jpeg 1024w, https:\/\/www.vacalia.com\/blog\/wp-content\/uploads\/2025\/05\/alumbrao-feria-del-caballo-de-jerez-300x134.jpeg 300w, https:\/\/www.vacalia.com\/blog\/wp-content\/uploads\/2025\/05\/alumbrao-feria-del-caballo-de-jerez-768x344.jpeg 768w, https:\/\/www.vacalia.com\/blog\/wp-content\/uploads\/2025\/05\/alumbrao-feria-del-caballo-de-jerez-370x166.jpeg 370w, https:\/\/www.vacalia.com\/blog\/wp-content\/uploads\/2025\/05\/alumbrao-feria-del-caballo-de-jerez-770x345.jpeg 770w, https:\/\/www.vacalia.com\/blog\/wp-content\/uploads\/2025\/05\/alumbrao-feria-del-caballo-de-jerez.jpeg 1200w\" sizes=\"(max-width: 1024px) 100vw, 1024px\" \/><figcaption class=\"wp-element-caption\">Das \u201ealumbrao\u201c der Pferdemesse in Jerez de la Frontera<\/figcaption><\/figure><\/div>\n\n\n<p>Ein tief verwurzelter Brauch unter den Einwohnern von Jerez ist der \u00abcambio de caseta\u00bb (Wechsel der \u00abcaseta\u00bb). W\u00e4hrend eines Messetages ist es \u00fcblich, mehrere verschiedene Casetas zu besuchen und dort Freunde und Bekannte zu begr\u00fc\u00dfen. Diese gesellige Pilgerfahrt wird von einem Glas Fino oder Rebujito begleitet und schafft eine Atmosph\u00e4re der Geselligkeit und Gastfreundschaft, die f\u00fcr die andalusische Eigenart charakteristisch ist.<\/p>\n\n\n\n<p>Eine weitere lokale Tradition ist die \u00abcomida de feria\u00bb, ein gro\u00dfes Familientreffen, das normalerweise am Sonntag der Messe stattfindet. Ganze Familien, von den Gro\u00dfeltern bis zu den Enkelkindern, versammeln sich an einem Stand, um ein stundenlanges Mittagessen mit traditionellen Gerichten zu genie\u00dfen, die von Generation zu Generation weitergegeben werden.<\/p>\n\n\n\n<p>M\u00f6chten Sie das Pferdemarktfest entdecken? Der Mai erwartet Sie in Jerez mit seinen sonnigen Tagen, seinen Musik- und Tanzn\u00e4chten und dieser besonderen Atmosph\u00e4re, die man nur sp\u00fcren kann, wenn eine Stadt stolz ihre beliebtesten Traditionen feiert.<\/p>\n\n\n<div class=\"bannerBlog\"><div class=\"new-card-houses\">\n    <div class=\"likeOut likeDivOut\" style=\"display:none\">\n        <a data-id=\"5013\" class=\"likeOut_button_red likeBtnFav\"\n            aria-label=\"Megusta Vacalia\"><\/a>\n    <\/div>\n    <figure>\n        <img loading=\"lazy\" decoding=\"async\" \n            loading=\"lazy\" width=\"301\" height=\"200\"\n            src=\"\/\/media.vacalia.com\/photo\/reformatwebpfolder\/350\/200\/5013\/thumb-middle\/5013_ce9c8981bf1f734449a63e67b5f5d796.webp?v=21092023\"\n            alt=\"Loft santiago - Ferienhaus auf Jerez de la Frontera\"\/>\n                                                                    <\/figure>\n    <p itemprop=\"address\"><i class=\"ico-marker\"><\/i>Jerez de la Frontera, C\u00e1diz<\/p>\n    <h3 itemprop=\"name\">Loft santiago<\/h3>\n    <ul class=\"icon_list inline_list\">\n                              <li class=\"ico-airConditioning\" title=\"Klimaanlage\">\n              <span itemprop=\"amenityFeature\">Klimaanlage<\/span>\n            <\/li>\n                      <li class=\"ico-wifi\" title=\"Wifi\">\n              <span itemprop=\"amenityFeature\">Wifi<\/span>\n            <\/li>\n                      <li class=\"ico-pets\" title=\"Haustiere\">\n              <span itemprop=\"amenityFeature\">Haustiere<\/span>\n            <\/li>\n                          <li class=\"ico-guests\" title=\"F\u00fcr 2+2   G\u00e4ste in Jerez De La Frontera.\">\n          <span itemprop=\"occupancy\">2+2  <\/span>\n        <\/li>\n    <\/ul>\n            <span class=\"price\">Ab 41\u20ac \/ Nacht<\/span>\n                <a itemprop=\"url\" class=\"anchor\" href=\"https:\/\/www.vacalia.com\/de\/apartment-loft-santiago-jerez-de-la-frontera-h29306\" aria-label=\"Loft santiago\"><\/a>\n<\/div><div class=\"new-card-houses\">\n    <div class=\"likeOut likeDivOut\" style=\"display:none\">\n        <a data-id=\"4535\" class=\"likeOut_button_red likeBtnFav\"\n            aria-label=\"Megusta Vacalia\"><\/a>\n    <\/div>\n    <figure>\n        <img loading=\"lazy\" decoding=\"async\" \n            loading=\"lazy\" width=\"301\" height=\"200\"\n            src=\"\/\/media.vacalia.com\/photo\/reformatwebpfolder\/350\/200\/4535\/thumb-middle\/4535_ec91b765215627adbaf7d67919ee8f69.webp?v=21092023\"\n            alt=\"Vegaluz - Ferienhaus auf Jerez de la Frontera\"\/>\n                                                                    <\/figure>\n    <p itemprop=\"address\"><i class=\"ico-marker\"><\/i>Jerez de la Frontera, C\u00e1diz<\/p>\n    <h3 itemprop=\"name\">Vegaluz<\/h3>\n    <ul class=\"icon_list inline_list\">\n                              <li class=\"ico-airConditioning\" title=\"Klimaanlage\">\n              <span itemprop=\"amenityFeature\">Klimaanlage<\/span>\n            <\/li>\n                      <li class=\"ico-wifi\" title=\"Wifi\">\n              <span itemprop=\"amenityFeature\">Wifi<\/span>\n            <\/li>\n                          <li class=\"ico-guests\" title=\"F\u00fcr 6 G\u00e4ste in Jerez De La Frontera.\">\n          <span itemprop=\"occupancy\">6<\/span>\n        <\/li>\n    <\/ul>\n            <span class=\"price\">Ab 107\u20ac \/ Nacht<\/span>\n                <a itemprop=\"url\" class=\"anchor\" href=\"https:\/\/www.vacalia.com\/de\/apartment-vegaluz-jerez-de-la-frontera-h26686\" aria-label=\"Vegaluz\"><\/a>\n<\/div><\/div>\n","protected":false},"excerpt":{"rendered":"<p>Die Pferdemesse von Jerez de la Frontera ist eines der spektakul\u00e4rsten kulturellen Ereignisse in S\u00fcdspanien. Jedes Jahr im Mai verwandelt sich die Stadt in eine B\u00fchne, auf der Pferde, Wein&hellip;<\/p>\n","protected":false},"author":1,"featured_media":7159,"comment_status":"closed","ping_status":"open","sticky":false,"template":"","format":"standard","meta":{"_monsterinsights_skip_tracking":false,"_monsterinsights_sitenote_active":false,"_monsterinsights_sitenote_note":"","_monsterinsights_sitenote_category":0,"footnotes":""},"categories":[689,40,715],"tags":[],"class_list":["post-7167","post","type-post","status-publish","format-standard","has-post-thumbnail","hentry","category-cadiz-de","category-allgemein","category-feste-und-traditionen-in-cadiz"],"_links":{"self":[{"href":"https:\/\/www.vacalia.com\/blog\/wp-json\/wp\/v2\/posts\/7167"}],"collection":[{"href":"https:\/\/www.vacalia.com\/blog\/wp-json\/wp\/v2\/posts"}],"about":[{"href":"https:\/\/www.vacalia.com\/blog\/wp-json\/wp\/v2\/types\/post"}],"author":[{"embeddable":true,"href":"https:\/\/www.vacalia.com\/blog\/wp-json\/wp\/v2\/users\/1"}],"replies":[{"embeddable":true,"href":"https:\/\/www.vacalia.com\/blog\/wp-json\/wp\/v2\/comments?post=7167"}],"version-history":[{"count":3,"href":"https:\/\/www.vacalia.com\/blog\/wp-json\/wp\/v2\/posts\/7167\/revisions"}],"predecessor-version":[{"id":7614,"href":"https:\/\/www.vacalia.com\/blog\/wp-json\/wp\/v2\/posts\/7167\/revisions\/7614"}],"wp:featuredmedia":[{"embeddable":true,"href":"https:\/\/www.vacalia.com\/blog\/wp-json\/wp\/v2\/media\/7159"}],"wp:attachment":[{"href":"https:\/\/www.vacalia.com\/blog\/wp-json\/wp\/v2\/media?parent=7167"}],"wp:term":[{"taxonomy":"category","embeddable":true,"href":"https:\/\/www.vacalia.com\/blog\/wp-json\/wp\/v2\/categories?post=7167"},{"taxonomy":"post_tag","embeddable":true,"href":"https:\/\/www.vacalia.com\/blog\/wp-json\/wp\/v2\/tags?post=7167"}],"curies":[{"name":"wp","href":"https:\/\/api.w.org\/{rel}","templated":true}]}}