{"id":7183,"date":"2025-05-09T12:01:55","date_gmt":"2025-05-09T10:01:55","guid":{"rendered":"https:\/\/www.vacalia.com\/blog\/?p=7183"},"modified":"2025-07-08T12:28:29","modified_gmt":"2025-07-08T10:28:29","slug":"die-messe-los-barrios-tradition-in-cadiz","status":"publish","type":"post","link":"https:\/\/www.vacalia.com\/blog\/die-messe-los-barrios-tradition-in-cadiz\/","title":{"rendered":"Die Messe Los Barrios: Tradition, Freude und l\u00e4ndlicher Geist in C\u00e1diz"},"content":{"rendered":"\n<p>Wenn Sie auf der Suche nach einem authentischen andalusischen Fr\u00fchlingserlebnis sind, erwartet Sie die Messe Los Barrios. Dieses Fest im Herzen von <strong><a href=\"https:\/\/www.vacalia.com\/de\/cadiz-urlaub\" target=\"_blank\" rel=\"noreferrer noopener\">C\u00e1diz<\/a><\/strong> ist eines der sch\u00f6nsten Feste im Campo de Gibraltar. Im Gegensatz zu anderen, gr\u00f6\u00dferen Festen zeichnet sich das von Los Barrios durch seine famili\u00e4re Atmosph\u00e4re und seine Verbundenheit mit l\u00e4ndlichen Traditionen aus. W\u00e4hrend dieser Tage erlebt die Stadt ihren ganz besonderen Moment. Einheimische und Besucher teilen den Stolz auf eine Kultur und Traditionen, die die Identit\u00e4t dieses Landes ausmachen.<\/p>\n\n\n<div class=\"wp-block-image\">\n<figure class=\"aligncenter size-full\"><img fetchpriority=\"high\" decoding=\"async\" width=\"659\" height=\"295\" src=\"https:\/\/www.vacalia.com\/blog\/wp-content\/uploads\/2025\/05\/entrada-feria-de-los-barrios.jpeg\" alt=\"Eintritt zur Messe Los Barrios in C\u00e1diz\" class=\"wp-image-7175\" srcset=\"https:\/\/www.vacalia.com\/blog\/wp-content\/uploads\/2025\/05\/entrada-feria-de-los-barrios.jpeg 659w, https:\/\/www.vacalia.com\/blog\/wp-content\/uploads\/2025\/05\/entrada-feria-de-los-barrios-300x134.jpeg 300w, https:\/\/www.vacalia.com\/blog\/wp-content\/uploads\/2025\/05\/entrada-feria-de-los-barrios-370x166.jpeg 370w\" sizes=\"(max-width: 767px) 100vw, 659px\" \/><figcaption class=\"wp-element-caption\">Eintritt zur Messe Los Barrios in C\u00e1diz<\/figcaption><\/figure><\/div>\n\n\n<h2 class=\"wp-block-heading has-medium-font-size\"><strong>Wann und wo sie stattfindet<\/strong><\/h2>\n\n\n\n<p>Die Messe von Los Barrios findet Mitte Mai statt, im Allgemeinen in der zweiten H\u00e4lfte des Monats, wenn der andalusische Fr\u00fchling in voller Pracht erstrahlt. Das Messegel\u00e4nde befindet sich am Rande der Gemeinde und ist perfekt ausgestattet, um die Hunderte oder Tausende von Besuchern zu empfangen, die jedes Jahr zu dieser Veranstaltung kommen, vor allem aus dem Campo de Gibraltar und den umliegenden Gebieten.<\/p>\n\n\n\n<p>Die Anreise nach Los Barrios ist von \u00fcberall in Andalusien aus einfach. Von <strong><a href=\"https:\/\/www.vacalia.com\/de\/sevilla-urlaub\" target=\"_blank\" rel=\"noreferrer noopener\">Sevilla<\/a><\/strong> aus nimmt man die A-381, die so genannte Autobahn Jerez-Los Barrios, die etwa eineinhalb Stunden Fahrzeit ben\u00f6tigt. Von <strong><a href=\"https:\/\/www.vacalia.com\/de\/malaga-urlaub\" target=\"_blank\" rel=\"noreferrer noopener\">M\u00e1laga<\/a><\/strong> aus dauert die Fahrt \u00fcber die A-7 etwa zwei Stunden. Wer sich bereits in der Provinz C\u00e1diz befindet, ist noch schneller unterwegs: nur 15 Minuten von Algeciras oder 30 Minuten von Tarifa \u00fcber die A-7.<\/p>\n\n\n\n<h2 class=\"wp-block-heading has-medium-font-size\"><strong>Urspr\u00fcnge und Bedeutung der Messe<\/strong><\/h2>\n\n\n\n<p>Die Urspr\u00fcnge dieses Festes gehen auf die traditionellen Feste f\u00fcr Landwirtschaft und Viehzucht zur\u00fcck, die nach der Ernte stattfanden. Im Laufe der Zeit entwickelte es sich zu dem, was es heute ist: ein Fest, das die Erinnerung an die l\u00e4ndliche Vergangenheit der Region wach h\u00e4lt und gleichzeitig die Gegenwart feiert.<\/p>\n\n\n\n<p>Die Messe wurde als Hommage an die Arbeiter auf dem Lande ins Leben gerufen, die mit ihrer t\u00e4glichen Arbeit die lokale Wirtschaft am Leben erhielten. Auch wenn sich die Zeiten ge\u00e4ndert haben, ehrt das Fest auch heute noch diese Wurzeln und erinnert an die Bedeutung der l\u00e4ndlichen Welt f\u00fcr unsere Kultur und Identit\u00e4t.<\/p>\n\n\n\n<h2 class=\"wp-block-heading has-medium-font-size\"><strong>Inmitten der St\u00e4nde und Laternen<\/strong><\/h2>\n\n\n\n<p>Schon beim Betreten des Festgel\u00e4ndes wird der Besucher von einer einzigartigen Atmosph\u00e4re empfangen. In den mit Laternen und bunten Bannern geschm\u00fcckten Stra\u00dfen gibt es zahlreiche St\u00e4nde, an denen sich Familien und Gruppen von Freunden gemeinsam vergn\u00fcgen. Die Musik ist ununterbrochen zu h\u00f6ren, gemischt mit Lachen und lebhaftem Geplauder.<\/p>\n\n\n<div class=\"wp-block-image\">\n<figure class=\"aligncenter size-large is-resized\"><img decoding=\"async\" width=\"1024\" height=\"459\" src=\"https:\/\/www.vacalia.com\/blog\/wp-content\/uploads\/2025\/05\/casetas-feria-de-los-barrios-Personalizado-1024x459.jpeg\" alt=\"St\u00e4nde auf der Messe Los Barrios in C\u00e1diz\" class=\"wp-image-7176\" style=\"width:591px;height:auto\" srcset=\"https:\/\/www.vacalia.com\/blog\/wp-content\/uploads\/2025\/05\/casetas-feria-de-los-barrios-Personalizado-1024x459.jpeg 1024w, https:\/\/www.vacalia.com\/blog\/wp-content\/uploads\/2025\/05\/casetas-feria-de-los-barrios-Personalizado-300x134.jpeg 300w, https:\/\/www.vacalia.com\/blog\/wp-content\/uploads\/2025\/05\/casetas-feria-de-los-barrios-Personalizado-768x344.jpeg 768w, https:\/\/www.vacalia.com\/blog\/wp-content\/uploads\/2025\/05\/casetas-feria-de-los-barrios-Personalizado-1536x688.jpeg 1536w, https:\/\/www.vacalia.com\/blog\/wp-content\/uploads\/2025\/05\/casetas-feria-de-los-barrios-Personalizado-2048x917.jpeg 2048w, https:\/\/www.vacalia.com\/blog\/wp-content\/uploads\/2025\/05\/casetas-feria-de-los-barrios-Personalizado-370x166.jpeg 370w, https:\/\/www.vacalia.com\/blog\/wp-content\/uploads\/2025\/05\/casetas-feria-de-los-barrios-Personalizado-770x345.jpeg 770w\" sizes=\"(max-width: 1024px) 100vw, 1024px\" \/><figcaption class=\"wp-element-caption\">St\u00e4nde auf der Messe Los Barrios in C\u00e1diz<\/figcaption><\/figure><\/div>\n\n\n<p>Es ist die famili\u00e4re Atmosph\u00e4re, die dieses Fest von anderen, eher touristischen Festen unterscheidet. Die Einheimischen verkleiden sich f\u00fcr diesen Anlass: Die Frauen tragen farbenfrohe Flamencokleider mit R\u00fcschen und Blumen, w\u00e4hrend die M\u00e4nner sich f\u00fcr Trachten entscheiden, die an die l\u00e4ndlichen Wurzeln der Fiesta erinnern.<\/p>\n\n\n\n<h2 class=\"wp-block-heading has-medium-font-size\"><strong>Aktivit\u00e4ten und Attraktionen f\u00fcr alle<\/strong><\/h2>\n\n\n\n<p>Die Messe beginnt offiziell mit dem gro\u00dfen Er\u00f6ffnungsumzug, einer farbenfrohen Parade, an der lokale Vereine, geschm\u00fcckte Wagen und Tanzgruppen teilnehmen. Dieses Ereignis bildet den Auftakt zu einem mehrt\u00e4gigen Fest.<\/p>\n\n\n\n<p>W\u00e4hrend der Messe k\u00f6nnen die Besucher zahlreiche Shows und Konzerte besuchen, die f\u00fcr den Nachmittag und Abend geplant sind. Die j\u00fcngsten Besucher finden ihren Platz in den Kinderbereichen mit altersgerechten Attraktionen und speziellen Workshops, in denen sie die lokalen Traditionen kennenlernen k\u00f6nnen.<\/p>\n\n\n\n<p>An mechanischen Attraktionen mangelt es nicht, von den leisesten bis zu den gewagtesten. Traditionelle Spiele und Bastelbereiche runden das Unterhaltungsangebot f\u00fcr die ganze Familie ab.<\/p>\n\n\n<div class=\"wp-block-image\">\n<figure class=\"aligncenter size-large is-resized\"><img decoding=\"async\" width=\"1024\" height=\"458\" src=\"https:\/\/www.vacalia.com\/blog\/wp-content\/uploads\/2025\/05\/atracciones-feria-de-los-barrios-Personalizado-1024x458.jpeg\" alt=\"Attraktionen auf dem Stadtfest von C\u00e1diz\" class=\"wp-image-7177\" style=\"width:608px;height:auto\" srcset=\"https:\/\/www.vacalia.com\/blog\/wp-content\/uploads\/2025\/05\/atracciones-feria-de-los-barrios-Personalizado-1024x458.jpeg 1024w, https:\/\/www.vacalia.com\/blog\/wp-content\/uploads\/2025\/05\/atracciones-feria-de-los-barrios-Personalizado-300x134.jpeg 300w, https:\/\/www.vacalia.com\/blog\/wp-content\/uploads\/2025\/05\/atracciones-feria-de-los-barrios-Personalizado-768x344.jpeg 768w, https:\/\/www.vacalia.com\/blog\/wp-content\/uploads\/2025\/05\/atracciones-feria-de-los-barrios-Personalizado-1536x688.jpeg 1536w, https:\/\/www.vacalia.com\/blog\/wp-content\/uploads\/2025\/05\/atracciones-feria-de-los-barrios-Personalizado-2048x917.jpeg 2048w, https:\/\/www.vacalia.com\/blog\/wp-content\/uploads\/2025\/05\/atracciones-feria-de-los-barrios-Personalizado-370x166.jpeg 370w, https:\/\/www.vacalia.com\/blog\/wp-content\/uploads\/2025\/05\/atracciones-feria-de-los-barrios-Personalizado-770x345.jpeg 770w\" sizes=\"(max-width: 1024px) 100vw, 1024px\" \/><figcaption class=\"wp-element-caption\">Attraktionen auf der Messe Los Barrios von C\u00e1diz<\/figcaption><\/figure><\/div>\n\n\n<h2 class=\"wp-block-heading has-medium-font-size\"><strong>Messe-Gastronomie<\/strong><\/h2>\n\n\n\n<p>Ein Besuch der Feria de Los Barrios w\u00e4re nicht vollst\u00e4ndig, ohne die Gastronomie zu probieren. In den traditionellen Restaurants finden Sie typische Gerichte der Region: von gebratenem Fisch \u00fcber lomo en manteca (Schweinelende in Schmalz) bis hin zu Krabbenomeletts und papas ali\u00f1\u00e1s (Bratkartoffeln mit Knoblauchmayonnaise).<\/p>\n\n\n\n<p>Zum Trinken sind Manzanilla und Rebujito die unbestrittenen Stars, aber auch lokale Weine und kalte Biere k\u00f6nnen genossen werden. Besonders empfehlenswert ist ein Besuch in den familiengef\u00fchrten Casetas, wo die hausgemachten Speisen ihren traditionellen Geschmack bewahren. Auch die Stra\u00dfenst\u00e4nde bieten k\u00f6stliche M\u00f6glichkeiten f\u00fcr einen schnellen Imbiss zwischen den Aktivit\u00e4ten.<\/p>\n\n\n\n<h2 class=\"wp-block-heading has-medium-font-size\"><strong>Die Kultur des Tanzes und des Flamenco<\/strong><\/h2>\n\n\n\n<p>Flamenco und traditionelle andalusische T\u00e4nze spielen bei der Feria de Los Barrios eine wichtige Rolle. In vielen \u00abcasetas\u00bb, vor allem am Abend, k\u00f6nnen Sie spontane Auff\u00fchrungen erleben, bei denen die Einheimischen ihre Kunst und Leidenschaft zeigen.<\/p>\n\n\n\n<p>Dar\u00fcber hinaus gibt es Auff\u00fchrungen mit lokalen und regionalen K\u00fcnstlern, von Sevillanas bis Fandangos, Buler\u00edas und Alegr\u00edas. Wer m\u00f6chte, kann bei den T\u00e4nzen mitmachen. Die famili\u00e4re Atmosph\u00e4re l\u00e4dt alle zum Mitmachen ein, auch diejenigen, die mit diesen Rhythmen weniger vertraut sind.<\/p>\n\n\n<div class=\"wp-block-image\">\n<figure class=\"aligncenter size-large is-resized\"><img loading=\"lazy\" decoding=\"async\" width=\"1024\" height=\"459\" src=\"https:\/\/www.vacalia.com\/blog\/wp-content\/uploads\/2025\/05\/ambiente-feria-de-los-barrios-1024x459.jpeg\" alt=\"Atmosph\u00e4re der Messe Los Barrios in C\u00e1diz\" class=\"wp-image-7178\" style=\"width:627px;height:auto\" srcset=\"https:\/\/www.vacalia.com\/blog\/wp-content\/uploads\/2025\/05\/ambiente-feria-de-los-barrios-1024x459.jpeg 1024w, https:\/\/www.vacalia.com\/blog\/wp-content\/uploads\/2025\/05\/ambiente-feria-de-los-barrios-300x134.jpeg 300w, https:\/\/www.vacalia.com\/blog\/wp-content\/uploads\/2025\/05\/ambiente-feria-de-los-barrios-768x344.jpeg 768w, https:\/\/www.vacalia.com\/blog\/wp-content\/uploads\/2025\/05\/ambiente-feria-de-los-barrios-370x166.jpeg 370w, https:\/\/www.vacalia.com\/blog\/wp-content\/uploads\/2025\/05\/ambiente-feria-de-los-barrios-770x345.jpeg 770w, https:\/\/www.vacalia.com\/blog\/wp-content\/uploads\/2025\/05\/ambiente-feria-de-los-barrios.jpeg 1355w\" sizes=\"(max-width: 1024px) 100vw, 1024px\" \/><figcaption class=\"wp-element-caption\">Atmosph\u00e4re der Messe Los Barrios in C\u00e1diz<\/figcaption><\/figure><\/div>\n\n\n<p><strong>Praktische Ratschl\u00e4ge&nbsp;<\/strong><\/p>\n\n\n\n<p>Um das Fest in vollen Z\u00fcgen genie\u00dfen zu k\u00f6nnen, ist es am besten, bequeme Kleidung zu tragen. Diejenigen, die der Tradition folgen wollen, k\u00f6nnen sich f\u00fcr den typisch andalusischen Look entscheiden: die Frauen in Flamenco-Kleidung und die M\u00e4nner in Landhauskleidung oder einfach in Hemd und Hose. Vergessen Sie nicht, bequeme Schuhe zu tragen, denn Sie werden viele Stunden im Stehen und Tanzen verbringen.<\/p>\n\n\n\n<p>Die Messe \u00f6ffnet am Nachmittag und schlie\u00dft erst, wenn der K\u00f6rper es nicht mehr aush\u00e4lt, in den fr\u00fchen Morgenstunden.&nbsp;<\/p>\n\n\n\n<p>Das Volksfest von Los Barrios ist viel mehr als nur ein paar Tage voller Feste: Es ist die Seele einer Stadt, die stolz auf ihre Wurzeln ist. Wer sie besucht, genie\u00dft nicht nur die Attraktionen und die gute Stimmung, sondern nimmt auch den echten Geschmack Andalusiens mit.<\/p>\n\n\n\n<p>Dieses Fest bewahrt den l\u00e4ndlichen Geist im 21. Jahrhundert. Jahrhundert. Es ist eine Gelegenheit, eine Tradition mit jahrzehntelanger Geschichte und tiefen volkst\u00fcmlichen Wurzeln zu erleben, bei der man Freude, Musik und die Gastfreundschaft atmen kann, die man nur in den D\u00f6rfern des S\u00fcdens findet.<\/p>\n\n\n<div class=\"bannerBlog\"><div class=\"new-card-houses\">\n    <div class=\"likeOut likeDivOut\" style=\"display:none\">\n        <a data-id=\"4976\" class=\"likeOut_button_red likeBtnFav\"\n            aria-label=\"Megusta Vacalia\"><\/a>\n    <\/div>\n    <figure>\n        <img loading=\"lazy\" decoding=\"async\" \n            loading=\"lazy\" width=\"301\" height=\"200\"\n            src=\"\/\/media.vacalia.com\/photo\/reformatwebpfolder\/350\/200\/4976\/thumb-middle\/4976_6d2627785d18db5d469709def808f5d2.webp?v=21092023\"\n            alt=\"Las camelias - Ferienhaus auf Chiclana de la Frontera\"\/>\n                                                                        <div class=\"circleDiscount\">-9%<\/div>\n                        <\/figure>\n    <p itemprop=\"address\"><i class=\"ico-marker\"><\/i>Chiclana de la Frontera, C\u00e1diz<\/p>\n    <h3 itemprop=\"name\">Las camelias<\/h3>\n    <ul class=\"icon_list inline_list\">\n                              <li class=\"ico-airConditioning\" title=\"Klimaanlage\">\n              <span itemprop=\"amenityFeature\">Klimaanlage<\/span>\n            <\/li>\n                      <li class=\"ico-wifi\" title=\"Wifi\">\n              <span itemprop=\"amenityFeature\">Wifi<\/span>\n            <\/li>\n                          <li class=\"ico-guests\" title=\"F\u00fcr 6 G\u00e4ste in Chiclana De La Frontera.\">\n          <span itemprop=\"occupancy\">6<\/span>\n        <\/li>\n    <\/ul>\n            <span class=\"price\">Ab 118\u20ac \/ Nacht<\/span>\n                <a itemprop=\"url\" class=\"anchor\" href=\"https:\/\/www.vacalia.com\/de\/ferienhaus-las-camelias-chiclana-de-la-frontera-h29235\" aria-label=\"Las camelias\"><\/a>\n<\/div><div class=\"new-card-houses\">\n    <div class=\"likeOut likeDivOut\" style=\"display:none\">\n        <a data-id=\"4700\" class=\"likeOut_button_red likeBtnFav\"\n            aria-label=\"Megusta Vacalia\"><\/a>\n    <\/div>\n    <figure>\n        <img loading=\"lazy\" decoding=\"async\" \n            loading=\"lazy\" width=\"301\" height=\"200\"\n            src=\"\/\/media.vacalia.com\/photo\/reformatwebpfolder\/350\/200\/4700\/thumb-middle\/4700_198fe9f04d291ed70a0f21d88976ee79.webp?v=21092023\"\n            alt=\"Carmen viejo - Ferienhaus auf Sanl\u00facar de Barrameda\"\/>\n                                                                        <div class=\"circleDiscount\">-7%<\/div>\n                        <\/figure>\n    <p itemprop=\"address\"><i class=\"ico-marker\"><\/i>Sanl\u00facar de Barrameda, C\u00e1diz<\/p>\n    <h3 itemprop=\"name\">Carmen viejo<\/h3>\n    <ul class=\"icon_list inline_list\">\n                              <li class=\"ico-airConditioning\" title=\"Klimaanlage\">\n              <span itemprop=\"amenityFeature\">Klimaanlage<\/span>\n            <\/li>\n                      <li class=\"ico-wifi\" title=\"Wifi\">\n              <span itemprop=\"amenityFeature\">Wifi<\/span>\n            <\/li>\n                          <li class=\"ico-guests\" title=\"F\u00fcr 6+2   G\u00e4ste in Sanl\u00facar De Barrameda.\">\n          <span itemprop=\"occupancy\">6+2  <\/span>\n        <\/li>\n    <\/ul>\n            <span class=\"price\">Ab 97\u20ac \/ Nacht<\/span>\n                <a itemprop=\"url\" class=\"anchor\" href=\"https:\/\/www.vacalia.com\/de\/apartment-carmen-viejo-sanlucar-de-barrameda-h27298\" aria-label=\"Carmen viejo\"><\/a>\n<\/div><\/div>\n","protected":false},"excerpt":{"rendered":"<p>Wenn Sie auf der Suche nach einem authentischen andalusischen Fr\u00fchlingserlebnis sind, erwartet Sie die Messe Los Barrios. Dieses Fest im Herzen von C\u00e1diz ist eines der sch\u00f6nsten Feste im Campo&hellip;<\/p>\n","protected":false},"author":1,"featured_media":7178,"comment_status":"closed","ping_status":"open","sticky":false,"template":"","format":"standard","meta":{"_monsterinsights_skip_tracking":false,"_monsterinsights_sitenote_active":false,"_monsterinsights_sitenote_note":"","_monsterinsights_sitenote_category":0,"footnotes":""},"categories":[689,40,715,739],"tags":[],"class_list":["post-7183","post","type-post","status-publish","format-standard","has-post-thumbnail","hentry","category-cadiz-de","category-allgemein","category-feste-und-traditionen-in-cadiz","category-was-kann-man-in-cadiz-machen"],"_links":{"self":[{"href":"https:\/\/www.vacalia.com\/blog\/wp-json\/wp\/v2\/posts\/7183"}],"collection":[{"href":"https:\/\/www.vacalia.com\/blog\/wp-json\/wp\/v2\/posts"}],"about":[{"href":"https:\/\/www.vacalia.com\/blog\/wp-json\/wp\/v2\/types\/post"}],"author":[{"embeddable":true,"href":"https:\/\/www.vacalia.com\/blog\/wp-json\/wp\/v2\/users\/1"}],"replies":[{"embeddable":true,"href":"https:\/\/www.vacalia.com\/blog\/wp-json\/wp\/v2\/comments?post=7183"}],"version-history":[{"count":3,"href":"https:\/\/www.vacalia.com\/blog\/wp-json\/wp\/v2\/posts\/7183\/revisions"}],"predecessor-version":[{"id":7702,"href":"https:\/\/www.vacalia.com\/blog\/wp-json\/wp\/v2\/posts\/7183\/revisions\/7702"}],"wp:featuredmedia":[{"embeddable":true,"href":"https:\/\/www.vacalia.com\/blog\/wp-json\/wp\/v2\/media\/7178"}],"wp:attachment":[{"href":"https:\/\/www.vacalia.com\/blog\/wp-json\/wp\/v2\/media?parent=7183"}],"wp:term":[{"taxonomy":"category","embeddable":true,"href":"https:\/\/www.vacalia.com\/blog\/wp-json\/wp\/v2\/categories?post=7183"},{"taxonomy":"post_tag","embeddable":true,"href":"https:\/\/www.vacalia.com\/blog\/wp-json\/wp\/v2\/tags?post=7183"}],"curies":[{"name":"wp","href":"https:\/\/api.w.org\/{rel}","templated":true}]}}