{"id":7200,"date":"2025-05-23T12:03:07","date_gmt":"2025-05-23T10:03:07","guid":{"rendered":"https:\/\/www.vacalia.com\/blog\/?p=7200"},"modified":"2025-07-04T09:57:48","modified_gmt":"2025-07-04T07:57:48","slug":"visita-al-parque-natural-del-montgo","status":"publish","type":"post","link":"https:\/\/www.vacalia.com\/blog\/es\/visita-al-parque-natural-del-montgo\/","title":{"rendered":"Visita al Parque Natural del Montg\u00f3"},"content":{"rendered":"\n<p>Entre las pintorescas poblaciones de <strong><a href=\"https:\/\/www.vacalia.com\/es\/alquiler-vacacional-denia\" target=\"_blank\" rel=\"noreferrer noopener\">D\u00e9nia<\/a><\/strong> y <strong>J\u00e1vea<\/strong>, en la provincia de <strong><a href=\"https:\/\/www.vacalia.com\/es\/alojamiento-vacacional-alicante\" target=\"_blank\" rel=\"noreferrer noopener\">Alicante<\/a><\/strong>, se encuentra el Parque Natural del Montg\u00f3. Este impresionante macizo monta\u00f1oso crea uno de los perfiles m\u00e1s reconocibles de toda la Costa Blanca. Con sus 753 metros de altitud, esta monta\u00f1a que los antiguos navegantes fenicios bautizaron como \u00abel elefante\u00bb debido a su caracter\u00edstica silueta, os espera para ofreceros algunas de las experiencias de senderismo m\u00e1s gratificantes que podr\u00e9is encontrar en el levante espa\u00f1ol.<\/p>\n\n\n<div class=\"wp-block-image\">\n<figure class=\"aligncenter size-full\"><img fetchpriority=\"high\" decoding=\"async\" width=\"670\" height=\"300\" src=\"https:\/\/www.vacalia.com\/blog\/wp-content\/uploads\/2025\/05\/parque-natural-del-montgo.jpg\" alt=\"Parque Natural del Montg\u00f3 en Alicante\" class=\"wp-image-7204\" srcset=\"https:\/\/www.vacalia.com\/blog\/wp-content\/uploads\/2025\/05\/parque-natural-del-montgo.jpg 670w, https:\/\/www.vacalia.com\/blog\/wp-content\/uploads\/2025\/05\/parque-natural-del-montgo-300x134.jpg 300w, https:\/\/www.vacalia.com\/blog\/wp-content\/uploads\/2025\/05\/parque-natural-del-montgo-370x166.jpg 370w\" sizes=\"(max-width: 767px) 100vw, 670px\" \/><figcaption class=\"wp-element-caption\">Parque Natural del Montg\u00f3 en Alicante<\/figcaption><\/figure><\/div>\n\n\n<p>El Montg\u00f3 no es solo una monta\u00f1a; es un aut\u00e9ntico tesoro natural que combina un extraordinario inter\u00e9s paisaj\u00edstico con una riqueza bot\u00e1nica excepcional y un notable valor hist\u00f3rico. Todo esto convierte a este espacio protegido en un destino que no pod\u00e9is dejar de visitar si sois amantes de la naturaleza, el senderismo o simplemente busc\u00e1is una experiencia que os conecte con el entorno mediterr\u00e1neo.<\/p>\n\n\n\n<h2 class=\"wp-block-heading has-medium-font-size\"><strong>La conquista de la cima: una ascensi\u00f3n privilegiada<\/strong><\/h2>\n\n\n\n<p>Existen varias rutas para ascender a la cumbre del Montg\u00f3, pero la m\u00e1s popular y accesible parte del conocido como \u00abCam\u00ed de la Col\u00f2nia\u00bb, en la vertiente de D\u00e9nia. Este sendero, bien se\u00f1alizado y mantenido, asciende progresivamente a trav\u00e9s de un frondoso bosque mediterr\u00e1neo, donde predominan pinos, algarrobos y carrascas. A medida que se avanza, la vegetaci\u00f3n se vuelve m\u00e1s dispersa, dando paso a un terreno rocoso que anuncia la proximidad de la cima.<\/p>\n\n\n<div class=\"bannerBlog\"><div class=\"new-card-houses\">\n    <div class=\"likeOut likeDivOut\" style=\"display:none\">\n        <a data-id=\"3259\" class=\"likeOut_button_red likeBtnFav\"\n            aria-label=\"Megusta Vacalia\"><\/a>\n    <\/div>\n    <figure>\n        <img loading=\"lazy\" decoding=\"async\" \n            loading=\"lazy\" width=\"301\" height=\"200\"\n            src=\"\/\/media.vacalia.com\/photo\/reformatwebpfolder\/350\/200\/3259\/thumb-middle\/3259_c04f4bc50d7feb05cd12832d2286b9b6.webp?v=21092023\"\n            alt=\"Casa lea - Alquiler vacacional en Alcalal\u00ed\"\/>\n                                                                        <div class=\"circleDiscount\">-2%<\/div>\n                        <\/figure>\n    <p itemprop=\"address\"><i class=\"ico-marker\"><\/i>Alcalal\u00ed, Alicante<\/p>\n    <h3 itemprop=\"name\">Casa lea<\/h3>\n    <ul class=\"icon_list inline_list\">\n                              <li class=\"ico-pool\" title=\"Piscina\">\n              <span itemprop=\"amenityFeature\">Piscina<\/span>\n            <\/li>\n                      <li class=\"ico-airConditioning\" title=\"Aire Acondicionado\">\n              <span itemprop=\"amenityFeature\">Aire Acondicionado<\/span>\n            <\/li>\n                      <li class=\"ico-wifi\" title=\"Wifi\">\n              <span itemprop=\"amenityFeature\">Wifi<\/span>\n            <\/li>\n                      <li class=\"ico-pets\" title=\"Mascotas\">\n              <span itemprop=\"amenityFeature\">Mascotas<\/span>\n            <\/li>\n                          <li class=\"ico-guests\" title=\"Para 5 hu\u00e9spedes en Alcalal\u00ed.\">\n          <span itemprop=\"occupancy\">5<\/span>\n        <\/li>\n    <\/ul>\n            <span class=\"price\">Desde 209\u20ac \/ noche<\/span>\n                <a itemprop=\"url\" class=\"anchor\" href=\"https:\/\/www.vacalia.com\/es\/villa-casa-lea-alcalali-h23050\" aria-label=\"Casa lea\"><\/a>\n<\/div><div class=\"new-card-houses\">\n    <div class=\"likeOut likeDivOut\" style=\"display:none\">\n        <a data-id=\"2838\" class=\"likeOut_button_red likeBtnFav\"\n            aria-label=\"Megusta Vacalia\"><\/a>\n    <\/div>\n    <figure>\n        <img loading=\"lazy\" decoding=\"async\" \n            loading=\"lazy\" width=\"301\" height=\"200\"\n            src=\"\/\/media.vacalia.com\/photo\/reformatwebpfolder\/350\/200\/2838\/thumb-middle\/2838_06c902e5155c905c9c7ca2e45a53fefd.webp?v=21092023\"\n            alt=\"Frederic - Alquiler vacacional en X\u00e0bia\/J\u00e1vea\"\/>\n                                                                        <div class=\"circleDiscount\">-8%<\/div>\n                        <\/figure>\n    <p itemprop=\"address\"><i class=\"ico-marker\"><\/i>X\u00e0bia\/J\u00e1vea, Alicante<\/p>\n    <h3 itemprop=\"name\">Frederic<\/h3>\n    <ul class=\"icon_list inline_list\">\n                              <li class=\"ico-pool\" title=\"Piscina\">\n              <span itemprop=\"amenityFeature\">Piscina<\/span>\n            <\/li>\n                      <li class=\"ico-wifi\" title=\"Wifi\">\n              <span itemprop=\"amenityFeature\">Wifi<\/span>\n            <\/li>\n                          <li class=\"ico-guests\" title=\"Para 6 hu\u00e9spedes en X\u00e0bia\/j\u00e1vea.\">\n          <span itemprop=\"occupancy\">6<\/span>\n        <\/li>\n    <\/ul>\n            <span class=\"price\">Desde 100\u20ac \/ noche<\/span>\n                <a itemprop=\"url\" class=\"anchor\" href=\"https:\/\/www.vacalia.com\/es\/villa-frederic-xabia-javea-h19853\" aria-label=\"Frederic\"><\/a>\n<\/div><div class=\"new-card-houses\">\n    <div class=\"likeOut likeDivOut\" style=\"display:none\">\n        <a data-id=\"2837\" class=\"likeOut_button_red likeBtnFav\"\n            aria-label=\"Megusta Vacalia\"><\/a>\n    <\/div>\n    <figure>\n        <img loading=\"lazy\" decoding=\"async\" \n            loading=\"lazy\" width=\"301\" height=\"200\"\n            src=\"\/\/media.vacalia.com\/photo\/reformatwebpfolder\/350\/200\/2837\/thumb-middle\/2837_a5029b586275288353e119c208bf09d4.webp?v=21092023\"\n            alt=\"Gladiolo - Alquiler vacacional en X\u00e0bia\/J\u00e1vea\"\/>\n                                                                        <div class=\"circleDiscount\">-11%<\/div>\n                        <\/figure>\n    <p itemprop=\"address\"><i class=\"ico-marker\"><\/i>X\u00e0bia\/J\u00e1vea, Alicante<\/p>\n    <h3 itemprop=\"name\">Gladiolo<\/h3>\n    <ul class=\"icon_list inline_list\">\n                              <li class=\"ico-pool\" title=\"Piscina\">\n              <span itemprop=\"amenityFeature\">Piscina<\/span>\n            <\/li>\n                      <li class=\"ico-airConditioning\" title=\"Aire Acondicionado\">\n              <span itemprop=\"amenityFeature\">Aire Acondicionado<\/span>\n            <\/li>\n                      <li class=\"ico-wifi\" title=\"Wifi\">\n              <span itemprop=\"amenityFeature\">Wifi<\/span>\n            <\/li>\n                          <li class=\"ico-guests\" title=\"Para 6 hu\u00e9spedes en X\u00e0bia\/j\u00e1vea.\">\n          <span itemprop=\"occupancy\">6<\/span>\n        <\/li>\n    <\/ul>\n            <span class=\"price\">Desde 101\u20ac \/ noche<\/span>\n                <a itemprop=\"url\" class=\"anchor\" href=\"https:\/\/www.vacalia.com\/es\/villa-gladiolo-xabia-javea-h19643\" aria-label=\"Gladiolo\"><\/a>\n<\/div><\/div>\n\n\n\n<p>Durante la ascensi\u00f3n, las vistas se vuelven cada vez m\u00e1s impresionantes. Hacia el norte, se extiende la llanura litoral de D\u00e9nia. Hacia el oeste, la silueta de la Sierra de Bernia se recorta en el horizonte, mientras que hacia el sur, la bah\u00eda de J\u00e1vea y el cabo de San Antonio ofrecen una panor\u00e1mica espectacular. El tramo final hasta la cima requiere un poco m\u00e1s de atenci\u00f3n, con algunos pasos rocosos que, aunque no son t\u00e9cnicamente dif\u00edciles, exigen precauci\u00f3n y calzado adecuado.<\/p>\n\n\n<div class=\"wp-block-image\">\n<figure class=\"aligncenter size-full\"><img decoding=\"async\" width=\"670\" height=\"300\" src=\"https:\/\/www.vacalia.com\/blog\/wp-content\/uploads\/2025\/05\/senderismo-parque-natural-del-montgo.jpg\" alt=\"Senderismo por el Parque Natural del Montg\u00f3 en Alicante\" class=\"wp-image-7205\" srcset=\"https:\/\/www.vacalia.com\/blog\/wp-content\/uploads\/2025\/05\/senderismo-parque-natural-del-montgo.jpg 670w, https:\/\/www.vacalia.com\/blog\/wp-content\/uploads\/2025\/05\/senderismo-parque-natural-del-montgo-300x134.jpg 300w, https:\/\/www.vacalia.com\/blog\/wp-content\/uploads\/2025\/05\/senderismo-parque-natural-del-montgo-370x166.jpg 370w\" sizes=\"(max-width: 767px) 100vw, 670px\" \/><figcaption class=\"wp-element-caption\">Senderismo por el Parque Natural del Montg\u00f3 en Alicante<\/figcaption><\/figure><\/div>\n\n\n<p>Una vez en la cumbre, la recompensa es indescriptible. El mar parece estar al alcance de la mano por ambos lados de la monta\u00f1a, creando una perspectiva \u00fanica que hace sentir al senderista como si estuviera en una isla elevada sobre el Mediterraneo. En d\u00edas especialmente claros, la panor\u00e1mica incluye las islas Baleares en el horizonte, completando un paisaje de ensue\u00f1o que compensa con creces el esfuerzo realizado.<\/p>\n\n\n\n<p>La ruta de ascenso y descenso tiene una longitud aproximada de 9 kil\u00f3metros, con un desnivel acumulado de unos 750 metros. Se puede completar en 4-5 horas, incluyendo paradas para descansar y disfrutar de las vistas. Su dificultad es moderada, siendo accesible para personas con una condici\u00f3n f\u00edsica normal y experiencia b\u00e1sica en senderismo.<\/p>\n\n\n\n<h2 class=\"wp-block-heading has-medium-font-size\"><strong>Un tesoro de biodiversidad mediterr\u00e1nea<\/strong><\/h2>\n\n\n\n<p>Uno de los grandes valores del Montg\u00f3 es su extraordinaria biodiversidad. El parque natural alberga m\u00e1s de 650 especies vegetales, incluyendo varias end\u00e9micas que no pueden encontrarse en ning\u00fan otro lugar del planeta. Esta riqueza se explica por la variedad de microclimas que crea su particular orograf\u00eda y su proximidad al mar.<\/p>\n\n\n\n<p>Durante la ascensi\u00f3n, se puede observar la sucesi\u00f3n de diferentes comunidades vegetales. En las zonas bajas, predomina el bosque mediterr\u00e1neo, con pinos, carrascas y algarrobos. A medida que se gana altitud, la vegetaci\u00f3n se adapta a las condiciones m\u00e1s extremas, dando paso a especies rup\u00edcolas que crecen en las grietas de las rocas. En primavera, el colorido de las flores silvestres, como el romero, la lavanda, los lirios y numerosas orqu\u00eddeas, convierte el recorrido en un verdadero espect\u00e1culo para los sentidos.<\/p>\n\n\n\n<p>Entre las especies m\u00e1s destacables se encuentra la&nbsp;<strong>Silene de Ifach<\/strong>&nbsp;(<em>Silene hifacensis<\/em>), una peque\u00f1a planta con flores blancas que solo crece en algunas zonas del Montg\u00f3 y del Pe\u00f1\u00f3n de Ifach. Otra joya bot\u00e1nica es la&nbsp;<strong>Cardosanta del Montg\u00f3<\/strong>&nbsp;(<em>Centaurea rouyi<\/em>), una planta end\u00e9mica de distribuci\u00f3n muy restringida.<\/p>\n\n\n<div class=\"wp-block-image\">\n<figure class=\"aligncenter size-full\"><img decoding=\"async\" width=\"670\" height=\"300\" src=\"https:\/\/www.vacalia.com\/blog\/wp-content\/uploads\/2025\/05\/Silene-de-Ifach-Parque-Natural-del-Montgo.jpg\" alt=\"Silene de Ifach en el Parque Natural del Montg\u00f3 de Alicante\" class=\"wp-image-7203\" srcset=\"https:\/\/www.vacalia.com\/blog\/wp-content\/uploads\/2025\/05\/Silene-de-Ifach-Parque-Natural-del-Montgo.jpg 670w, https:\/\/www.vacalia.com\/blog\/wp-content\/uploads\/2025\/05\/Silene-de-Ifach-Parque-Natural-del-Montgo-300x134.jpg 300w, https:\/\/www.vacalia.com\/blog\/wp-content\/uploads\/2025\/05\/Silene-de-Ifach-Parque-Natural-del-Montgo-370x166.jpg 370w\" sizes=\"(max-width: 767px) 100vw, 670px\" \/><figcaption class=\"wp-element-caption\">Silene de Ifach en el Parque Natural del Montg\u00f3 de Alicante<\/figcaption><\/figure><\/div>\n\n\n<p>En cuanto a la fauna, el Montg\u00f3 es hogar de numerosas especies de aves rapaces, como el \u00e1guila perdicera, el halc\u00f3n peregrino y el b\u00faho real. Estas aves pueden avistarse con cierta facilidad si se observa con atenci\u00f3n y paciencia. Tambi\u00e9n es posible encontrarse con mam\u00edferos como el zorro, la gineta o el jabal\u00ed, aunque estos son m\u00e1s esquivos y dif\u00edciles de ver durante el d\u00eda.<\/p>\n\n\n<div class=\"bannerBlog\"><div class=\"new-card-houses\">\n    <div class=\"likeOut likeDivOut\" style=\"display:none\">\n        <a data-id=\"4653\" class=\"likeOut_button_red likeBtnFav\"\n            aria-label=\"Megusta Vacalia\"><\/a>\n    <\/div>\n    <figure>\n        <img loading=\"lazy\" decoding=\"async\" \n            loading=\"lazy\" width=\"301\" height=\"200\"\n            src=\"\/\/media.vacalia.com\/photo\/reformatwebpfolder\/350\/200\/4653\/thumb-middle\/4653_4c7f24bdd412918a4e66c47d0c0fe490.webp?v=21092023\"\n            alt=\"Les gavines - Alquiler vacacional en D\u00e9nia\"\/>\n                                                                        <div class=\"circleDiscount\">-9%<\/div>\n                        <\/figure>\n    <p itemprop=\"address\"><i class=\"ico-marker\"><\/i>D\u00e9nia, Alicante<\/p>\n    <h3 itemprop=\"name\">Les gavines<\/h3>\n    <ul class=\"icon_list inline_list\">\n                              <li class=\"ico-airConditioning\" title=\"Aire Acondicionado\">\n              <span itemprop=\"amenityFeature\">Aire Acondicionado<\/span>\n            <\/li>\n                      <li class=\"ico-wifi\" title=\"Wifi\">\n              <span itemprop=\"amenityFeature\">Wifi<\/span>\n            <\/li>\n                      <li class=\"ico-views\" title=\"Vistas\">\n              <span itemprop=\"amenityFeature\">Vistas<\/span>\n            <\/li>\n                          <li class=\"ico-guests\" title=\"Para 4 hu\u00e9spedes en D\u00e9nia.\">\n          <span itemprop=\"occupancy\">4<\/span>\n        <\/li>\n    <\/ul>\n            <span class=\"price\">Desde 47\u20ac \/ noche<\/span>\n                <a itemprop=\"url\" class=\"anchor\" href=\"https:\/\/www.vacalia.com\/es\/apartamento-les-gavines-denia-h27079\" aria-label=\"Les gavines\"><\/a>\n<\/div><div class=\"new-card-houses\">\n    <div class=\"likeOut likeDivOut\" style=\"display:none\">\n        <a data-id=\"5401\" class=\"likeOut_button_red likeBtnFav\"\n            aria-label=\"Megusta Vacalia\"><\/a>\n    <\/div>\n    <figure>\n        <img loading=\"lazy\" decoding=\"async\" \n            loading=\"lazy\" width=\"301\" height=\"200\"\n            src=\"\/\/media.vacalia.com\/photo\/reformatwebpfolder\/350\/200\/5401\/thumb-middle\/5401_737cb87c610685b70dec494876566815.webp?v=21092023\"\n            alt=\"Villa lau 4 pax - Alquiler vacacional en La Pedrera\"\/>\n                                                                    <\/figure>\n    <p itemprop=\"address\"><i class=\"ico-marker\"><\/i>La Pedrera, Alicante<\/p>\n    <h3 itemprop=\"name\">Villa lau 4 pax<\/h3>\n    <ul class=\"icon_list inline_list\">\n                              <li class=\"ico-pool\" title=\"Piscina\">\n              <span itemprop=\"amenityFeature\">Piscina<\/span>\n            <\/li>\n                      <li class=\"ico-airConditioning\" title=\"Aire Acondicionado\">\n              <span itemprop=\"amenityFeature\">Aire Acondicionado<\/span>\n            <\/li>\n                      <li class=\"ico-wifi\" title=\"Wifi\">\n              <span itemprop=\"amenityFeature\">Wifi<\/span>\n            <\/li>\n                      <li class=\"ico-views\" title=\"Vistas\">\n              <span itemprop=\"amenityFeature\">Vistas<\/span>\n            <\/li>\n                      <li class=\"ico-pets\" title=\"Mascotas\">\n              <span itemprop=\"amenityFeature\">Mascotas<\/span>\n            <\/li>\n                          <li class=\"ico-guests\" title=\"Para 4 hu\u00e9spedes en La Pedrera.\">\n          <span itemprop=\"occupancy\">4<\/span>\n        <\/li>\n    <\/ul>\n            <span class=\"price\">Desde 79\u20ac \/ noche<\/span>\n                <a itemprop=\"url\" class=\"anchor\" href=\"https:\/\/www.vacalia.com\/es\/villa-villa-lau-4-pax-denia-h30783\" aria-label=\"Villa lau 4 pax\"><\/a>\n<\/div><div class=\"new-card-houses\">\n    <div class=\"likeOut likeDivOut\" style=\"display:none\">\n        <a data-id=\"5235\" class=\"likeOut_button_red likeBtnFav\"\n            aria-label=\"Megusta Vacalia\"><\/a>\n    <\/div>\n    <figure>\n        <img loading=\"lazy\" decoding=\"async\" \n            loading=\"lazy\" width=\"301\" height=\"200\"\n            src=\"\/\/media.vacalia.com\/photo\/reformatwebpfolder\/350\/200\/5235\/thumb-middle\/5235_6c9651bba7ce72fda31ef6e30392dbf6.webp?v=21092023\"\n            alt=\"Anxao - Alquiler vacacional en D\u00e9nia\"\/>\n                                                                    <\/figure>\n    <p itemprop=\"address\"><i class=\"ico-marker\"><\/i>D\u00e9nia, Alicante<\/p>\n    <h3 itemprop=\"name\">Anxao<\/h3>\n    <ul class=\"icon_list inline_list\">\n                              <li class=\"ico-pool\" title=\"Piscina\">\n              <span itemprop=\"amenityFeature\">Piscina<\/span>\n            <\/li>\n                      <li class=\"ico-airConditioning\" title=\"Aire Acondicionado\">\n              <span itemprop=\"amenityFeature\">Aire Acondicionado<\/span>\n            <\/li>\n                          <li class=\"ico-guests\" title=\"Para 6 hu\u00e9spedes en D\u00e9nia.\">\n          <span itemprop=\"occupancy\">6<\/span>\n        <\/li>\n    <\/ul>\n            <span class=\"price\">Desde 93\u20ac \/ noche<\/span>\n                <a itemprop=\"url\" class=\"anchor\" href=\"https:\/\/www.vacalia.com\/es\/casa-vacacional-anxao-denia-h29943\" aria-label=\"Anxao\"><\/a>\n<\/div><\/div>\n\n\n\n<h2 class=\"wp-block-heading has-medium-font-size\"><strong>Otras rutas del parque natural<\/strong><\/h2>\n\n\n\n<p>Adem\u00e1s de la ascensi\u00f3n a la cumbre, el Parque Natural del Montg\u00f3 ofrece otras rutas de gran inter\u00e9s:<\/p>\n\n\n\n<ul class=\"wp-block-list\">\n<li><strong>La Cova de l&#8217;Aigua<\/strong>: Una ruta m\u00e1s corta y sencilla que conduce a una antigua cueva utilizada desde tiempos prehist\u00f3ricos para recoger el agua de lluvia que se filtraba por las grietas de la roca. Adem\u00e1s de su inter\u00e9s hist\u00f3rico, ofrece unas vistas espectaculares de la bah\u00eda de J\u00e1vea.<\/li>\n<\/ul>\n\n\n<div class=\"wp-block-image\">\n<figure class=\"aligncenter size-full\"><img loading=\"lazy\" decoding=\"async\" width=\"670\" height=\"300\" src=\"https:\/\/www.vacalia.com\/blog\/wp-content\/uploads\/2025\/05\/La-Cova-del-Aigua-Parque-Natural-del-Montgo.jpg\" alt=\"La Cova de l'Aigua en D\u00e9nia, Alicante\" class=\"wp-image-7202\" srcset=\"https:\/\/www.vacalia.com\/blog\/wp-content\/uploads\/2025\/05\/La-Cova-del-Aigua-Parque-Natural-del-Montgo.jpg 670w, https:\/\/www.vacalia.com\/blog\/wp-content\/uploads\/2025\/05\/La-Cova-del-Aigua-Parque-Natural-del-Montgo-300x134.jpg 300w, https:\/\/www.vacalia.com\/blog\/wp-content\/uploads\/2025\/05\/La-Cova-del-Aigua-Parque-Natural-del-Montgo-370x166.jpg 370w\" sizes=\"(max-width: 767px) 100vw, 670px\" \/><figcaption class=\"wp-element-caption\">La Cova de l&#8217;Aigua en D\u00e9nia, Alicante<\/figcaption><\/figure><\/div>\n\n\n<ul class=\"wp-block-list\">\n<li><strong>La ruta de las Cuevas del Montg\u00f3<\/strong>: Este recorrido por la vertiente sur permite visitar varias cavidades k\u00e1rsticas donde se han encontrado restos arqueol\u00f3gicos que evidencian la presencia humana desde el Paleol\u00edtico. Es una excelente opci\u00f3n para combinar naturaleza e historia.<\/li>\n\n\n\n<li><strong>El Cabo de San Antonio<\/strong>: Situado en el extremo oriental del macizo, este cabo ofrece impresionantes acantilados y una reserva marina con rutas sencillas y aptas para toda la familia. Es un lugar ideal para disfrutar de paseos costeros y observar la flora y fauna marina.<\/li>\n<\/ul>\n\n\n\n<h3 class=\"wp-block-heading has-medium-font-size\"><strong>Recomendaciones para la visita<\/strong><\/h3>\n\n\n\n<ul class=\"wp-block-list\">\n<li><strong>\u00c9poca ideal<\/strong>: Aunque el clima permite realizar estas rutas durante todo el a\u00f1o, la primavera es especialmente recomendable por la explosi\u00f3n floral y las temperaturas agradables. En verano, es preferible evitar las horas centrales del d\u00eda debido al calor.<\/li>\n\n\n\n<li><strong>Equipamiento<\/strong>: Es fundamental llevar calzado adecuado para senderismo, protecci\u00f3n solar, gorra y suficiente agua, ya que no hay fuentes en las rutas. Un bast\u00f3n de trekking puede ser \u00fatil en los tramos m\u00e1s rocosos.<\/li>\n\n\n\n<li><strong>Protecci\u00f3n del entorno<\/strong>: Es esencial respetar las normas del parque natural, mantenerse en los senderos marcados y no recolectar plantas, muchas de las cuales est\u00e1n protegidas por su rareza. Tambi\u00e9n es importante no dejar residuos y llevar una bolsa para guardar la basura.<\/li>\n\n\n\n<li><strong>Informaci\u00f3n adicional<\/strong>: El&nbsp;Centro de Interpretaci\u00f3n del Parque Natural, ubicado en D\u00e9nia, ofrece exposiciones y material informativo que ayudar\u00e1n a comprender mejor los valores naturales e hist\u00f3ricos de este espacio protegido. Es un buen punto de partida para planificar la visita.<\/li>\n<\/ul>\n\n\n\n<p><\/p>\n\n\n<div class=\"wp-block-image\">\n<figure class=\"aligncenter size-full\"><img loading=\"lazy\" decoding=\"async\" width=\"670\" height=\"300\" src=\"https:\/\/www.vacalia.com\/blog\/wp-content\/uploads\/2025\/05\/senderismo-parque-natural-montgo.jpg\" alt=\"Senderismo por el Parque Natural del Montg\u00f3 en Alicante\" class=\"wp-image-7206\" srcset=\"https:\/\/www.vacalia.com\/blog\/wp-content\/uploads\/2025\/05\/senderismo-parque-natural-montgo.jpg 670w, https:\/\/www.vacalia.com\/blog\/wp-content\/uploads\/2025\/05\/senderismo-parque-natural-montgo-300x134.jpg 300w, https:\/\/www.vacalia.com\/blog\/wp-content\/uploads\/2025\/05\/senderismo-parque-natural-montgo-370x166.jpg 370w\" sizes=\"(max-width: 767px) 100vw, 670px\" \/><figcaption class=\"wp-element-caption\">Senderismo por el Parque Natural del Montg\u00f3 en Alicante<\/figcaption><\/figure><\/div>\n\n\n<p>El Parque Natural del Montg\u00f3 representa una de las joyas naturales m\u00e1s valiosas de la Costa Blanca. Sus senderos no solo ofrecen vistas panor\u00e1micas incomparables, sino tambi\u00e9n la oportunidad de adentrarse en un entorno natural privilegiado donde cada rinc\u00f3n esconde tesoros bot\u00e1nicos y faun\u00edsticos. Ya sea conquistando su cumbre, explorando sus cuevas o disfrutando de sus acantilados, el Montg\u00f3 es un destino que combina aventura, historia y naturaleza en un marco incomparable. Un lugar que, sin duda, merece ser descubierto y preservado para las generaciones futuras.<\/p>\n\n\n<div class=\"bannerBlog\"><div class=\"new-card-houses\">\n    <div class=\"likeOut likeDivOut\" style=\"display:none\">\n        <a data-id=\"2838\" class=\"likeOut_button_red likeBtnFav\"\n            aria-label=\"Megusta Vacalia\"><\/a>\n    <\/div>\n    <figure>\n        <img loading=\"lazy\" decoding=\"async\" \n            loading=\"lazy\" width=\"301\" height=\"200\"\n            src=\"\/\/media.vacalia.com\/photo\/reformatwebpfolder\/350\/200\/2838\/thumb-middle\/2838_06c902e5155c905c9c7ca2e45a53fefd.webp?v=21092023\"\n            alt=\"Frederic - Alquiler vacacional en X\u00e0bia\/J\u00e1vea\"\/>\n                                                                        <div class=\"circleDiscount\">-8%<\/div>\n                        <\/figure>\n    <p itemprop=\"address\"><i class=\"ico-marker\"><\/i>X\u00e0bia\/J\u00e1vea, Alicante<\/p>\n    <h3 itemprop=\"name\">Frederic<\/h3>\n    <ul class=\"icon_list inline_list\">\n                              <li class=\"ico-pool\" title=\"Piscina\">\n              <span itemprop=\"amenityFeature\">Piscina<\/span>\n            <\/li>\n                      <li class=\"ico-wifi\" title=\"Wifi\">\n              <span itemprop=\"amenityFeature\">Wifi<\/span>\n            <\/li>\n                          <li class=\"ico-guests\" title=\"Para 6 hu\u00e9spedes en X\u00e0bia\/j\u00e1vea.\">\n          <span itemprop=\"occupancy\">6<\/span>\n        <\/li>\n    <\/ul>\n            <span class=\"price\">Desde 100\u20ac \/ noche<\/span>\n                <a itemprop=\"url\" class=\"anchor\" href=\"https:\/\/www.vacalia.com\/es\/villa-frederic-xabia-javea-h19853\" aria-label=\"Frederic\"><\/a>\n<\/div><div class=\"new-card-houses\">\n    <div class=\"likeOut likeDivOut\" style=\"display:none\">\n        <a data-id=\"2837\" class=\"likeOut_button_red likeBtnFav\"\n            aria-label=\"Megusta Vacalia\"><\/a>\n    <\/div>\n    <figure>\n        <img loading=\"lazy\" decoding=\"async\" \n            loading=\"lazy\" width=\"301\" height=\"200\"\n            src=\"\/\/media.vacalia.com\/photo\/reformatwebpfolder\/350\/200\/2837\/thumb-middle\/2837_a5029b586275288353e119c208bf09d4.webp?v=21092023\"\n            alt=\"Gladiolo - Alquiler vacacional en X\u00e0bia\/J\u00e1vea\"\/>\n                                                                        <div class=\"circleDiscount\">-11%<\/div>\n                        <\/figure>\n    <p itemprop=\"address\"><i class=\"ico-marker\"><\/i>X\u00e0bia\/J\u00e1vea, Alicante<\/p>\n    <h3 itemprop=\"name\">Gladiolo<\/h3>\n    <ul class=\"icon_list inline_list\">\n                              <li class=\"ico-pool\" title=\"Piscina\">\n              <span itemprop=\"amenityFeature\">Piscina<\/span>\n            <\/li>\n                      <li class=\"ico-airConditioning\" title=\"Aire Acondicionado\">\n              <span itemprop=\"amenityFeature\">Aire Acondicionado<\/span>\n            <\/li>\n                      <li class=\"ico-wifi\" title=\"Wifi\">\n              <span itemprop=\"amenityFeature\">Wifi<\/span>\n            <\/li>\n                          <li class=\"ico-guests\" title=\"Para 6 hu\u00e9spedes en X\u00e0bia\/j\u00e1vea.\">\n          <span itemprop=\"occupancy\">6<\/span>\n        <\/li>\n    <\/ul>\n            <span class=\"price\">Desde 101\u20ac \/ noche<\/span>\n                <a itemprop=\"url\" class=\"anchor\" href=\"https:\/\/www.vacalia.com\/es\/villa-gladiolo-xabia-javea-h19643\" aria-label=\"Gladiolo\"><\/a>\n<\/div><div class=\"new-card-houses\">\n    <div class=\"likeOut likeDivOut\" style=\"display:none\">\n        <a data-id=\"5476\" class=\"likeOut_button_red likeBtnFav\"\n            aria-label=\"Megusta Vacalia\"><\/a>\n    <\/div>\n    <figure>\n        <img loading=\"lazy\" decoding=\"async\" \n            loading=\"lazy\" width=\"301\" height=\"200\"\n            src=\"\/\/media.vacalia.com\/photo\/reformatwebpfolder\/350\/200\/5476\/thumb-middle\/5476_3992a495560e2e1ef9c61b1055d00a49.webp?v=21092023\"\n            alt=\"Amphora 6 pax - Alquiler vacacional en X\u00e0bia\/J\u00e1vea\"\/>\n                                                                    <\/figure>\n    <p itemprop=\"address\"><i class=\"ico-marker\"><\/i>X\u00e0bia\/J\u00e1vea, Alicante<\/p>\n    <h3 itemprop=\"name\">Amphora 6 pax<\/h3>\n    <ul class=\"icon_list inline_list\">\n                              <li class=\"ico-pool\" title=\"Piscina\">\n              <span itemprop=\"amenityFeature\">Piscina<\/span>\n            <\/li>\n                      <li class=\"ico-airConditioning\" title=\"Aire Acondicionado\">\n              <span itemprop=\"amenityFeature\">Aire Acondicionado<\/span>\n            <\/li>\n                          <li class=\"ico-guests\" title=\"Para 6 hu\u00e9spedes en X\u00e0bia\/j\u00e1vea.\">\n          <span itemprop=\"occupancy\">6<\/span>\n        <\/li>\n    <\/ul>\n            <span class=\"price\">Desde 151\u20ac \/ noche<\/span>\n                <a itemprop=\"url\" class=\"anchor\" href=\"https:\/\/www.vacalia.com\/es\/casa-vacacional-amphora-6-pax-xabia-javea-h31158\" aria-label=\"Amphora 6 pax\"><\/a>\n<\/div><\/div>\n","protected":false},"excerpt":{"rendered":"<p>Entre las pintorescas poblaciones de D\u00e9nia y J\u00e1vea, en la provincia de Alicante, se encuentra el Parque Natural del Montg\u00f3. Este impresionante macizo monta\u00f1oso crea uno de los perfiles m\u00e1s&hellip;<\/p>\n","protected":false},"author":1,"featured_media":7206,"comment_status":"closed","ping_status":"open","sticky":false,"template":"","format":"standard","meta":{"_monsterinsights_skip_tracking":false,"_monsterinsights_sitenote_active":false,"_monsterinsights_sitenote_note":"","_monsterinsights_sitenote_category":0,"footnotes":""},"categories":[613,667,673,1,639],"tags":[],"class_list":["post-7200","post","type-post","status-publish","format-standard","has-post-thumbnail","hentry","category-alicante-es","category-que-hacer-en-alicante","category-que-ver-en-alicante","category-general-es","category-guias-de-alicante"],"_links":{"self":[{"href":"https:\/\/www.vacalia.com\/blog\/wp-json\/wp\/v2\/posts\/7200"}],"collection":[{"href":"https:\/\/www.vacalia.com\/blog\/wp-json\/wp\/v2\/posts"}],"about":[{"href":"https:\/\/www.vacalia.com\/blog\/wp-json\/wp\/v2\/types\/post"}],"author":[{"embeddable":true,"href":"https:\/\/www.vacalia.com\/blog\/wp-json\/wp\/v2\/users\/1"}],"replies":[{"embeddable":true,"href":"https:\/\/www.vacalia.com\/blog\/wp-json\/wp\/v2\/comments?post=7200"}],"version-history":[{"count":10,"href":"https:\/\/www.vacalia.com\/blog\/wp-json\/wp\/v2\/posts\/7200\/revisions"}],"predecessor-version":[{"id":7443,"href":"https:\/\/www.vacalia.com\/blog\/wp-json\/wp\/v2\/posts\/7200\/revisions\/7443"}],"wp:featuredmedia":[{"embeddable":true,"href":"https:\/\/www.vacalia.com\/blog\/wp-json\/wp\/v2\/media\/7206"}],"wp:attachment":[{"href":"https:\/\/www.vacalia.com\/blog\/wp-json\/wp\/v2\/media?parent=7200"}],"wp:term":[{"taxonomy":"category","embeddable":true,"href":"https:\/\/www.vacalia.com\/blog\/wp-json\/wp\/v2\/categories?post=7200"},{"taxonomy":"post_tag","embeddable":true,"href":"https:\/\/www.vacalia.com\/blog\/wp-json\/wp\/v2\/tags?post=7200"}],"curies":[{"name":"wp","href":"https:\/\/api.w.org\/{rel}","templated":true}]}}