{"id":7208,"date":"2025-05-23T12:05:44","date_gmt":"2025-05-23T10:05:44","guid":{"rendered":"https:\/\/www.vacalia.com\/blog\/?p=7208"},"modified":"2025-07-09T08:59:21","modified_gmt":"2025-07-09T06:59:21","slug":"visit-to-the-montgo-natural-park","status":"publish","type":"post","link":"https:\/\/www.vacalia.com\/blog\/en\/visit-to-the-montgo-natural-park\/","title":{"rendered":"Visit to the Montg\u00f3 Natural Park"},"content":{"rendered":"\n<p>Between the picturesque towns of <strong><a href=\"https:\/\/www.vacalia.com\/en\/holiday-rentals-denia\" target=\"_blank\" rel=\"noreferrer noopener\">D\u00e9nia<\/a><\/strong> and <strong>J\u00e1vea<\/strong>, in the province of <strong><a href=\"https:\/\/www.vacalia.com\/en\/holiday-home-alicante\" target=\"_blank\" rel=\"noreferrer noopener\">Alicante<\/a><\/strong>, lies the Montg\u00f3 Natural Park. This impressive mountain massif creates one of the most recognisable profiles of the entire Costa Blanca. Standing 753 metres high, this mountain, which the ancient Phoenician navigators christened \u00abthe elephant\u00bb due to its characteristic silhouette, is waiting to offer you some of the most rewarding hiking experiences to be found on the Spanish Levante.<\/p>\n\n\n<div class=\"wp-block-image\">\n<figure class=\"aligncenter size-full\"><img fetchpriority=\"high\" decoding=\"async\" width=\"670\" height=\"300\" src=\"https:\/\/www.vacalia.com\/blog\/wp-content\/uploads\/2025\/05\/parque-natural-del-montgo.jpg\" alt=\"Montg\u00f3 Natural Park in Alicante\" class=\"wp-image-7204\" srcset=\"https:\/\/www.vacalia.com\/blog\/wp-content\/uploads\/2025\/05\/parque-natural-del-montgo.jpg 670w, https:\/\/www.vacalia.com\/blog\/wp-content\/uploads\/2025\/05\/parque-natural-del-montgo-300x134.jpg 300w, https:\/\/www.vacalia.com\/blog\/wp-content\/uploads\/2025\/05\/parque-natural-del-montgo-370x166.jpg 370w\" sizes=\"(max-width: 767px) 100vw, 670px\" \/><figcaption class=\"wp-element-caption\">Montg\u00f3 Natural Park in Alicante<\/figcaption><\/figure><\/div>\n\n\n<p>The Montg\u00f3 is not just a mountain; it is an authentic natural treasure that combines an extraordinary scenic interest with an exceptional botanical richness and a remarkable historical value. All this makes this protected area a destination you can&#8217;t miss if you are nature lovers, hikers or simply looking for an experience that connects you with the Mediterranean environment.<\/p>\n\n\n\n<h2 class=\"wp-block-heading has-medium-font-size\">Best houses near Montgo<\/h2>\n\n\n<div class=\"bannerBlog\"><div class=\"new-card-houses\">\n    <div class=\"likeOut likeDivOut\" style=\"display:none\">\n        <a data-id=\"2838\" class=\"likeOut_button_red likeBtnFav\"\n            aria-label=\"Megusta Vacalia\"><\/a>\n    <\/div>\n    <figure>\n        <img loading=\"lazy\" decoding=\"async\" \n            loading=\"lazy\" width=\"301\" height=\"200\"\n            src=\"\/\/media.vacalia.com\/photo\/reformatwebpfolder\/350\/200\/2838\/thumb-middle\/2838_06c902e5155c905c9c7ca2e45a53fefd.webp?v=21092023\"\n            alt=\"Frederic - Holiday rentals in X\u00e0bia\/J\u00e1vea\"\/>\n                                                                        <div class=\"circleDiscount\">-8%<\/div>\n                        <\/figure>\n    <p itemprop=\"address\"><i class=\"ico-marker\"><\/i>X\u00e0bia\/J\u00e1vea, Alicante<\/p>\n    <h3 itemprop=\"name\">Frederic<\/h3>\n    <ul class=\"icon_list inline_list\">\n                              <li class=\"ico-pool\" title=\"Pool\">\n              <span itemprop=\"amenityFeature\">Pool<\/span>\n            <\/li>\n                      <li class=\"ico-wifi\" title=\"Wifi\">\n              <span itemprop=\"amenityFeature\">Wifi<\/span>\n            <\/li>\n                          <li class=\"ico-guests\" title=\"For 6 guests in X\u00e0bia\/j\u00e1vea.\">\n          <span itemprop=\"occupancy\">6<\/span>\n        <\/li>\n    <\/ul>\n            <span class=\"price\">From 100\u20ac \/ night<\/span>\n                <a itemprop=\"url\" class=\"anchor\" href=\"https:\/\/www.vacalia.com\/en\/villa-frederic-xabia-javea-h19852\" aria-label=\"Frederic\"><\/a>\n<\/div><div class=\"new-card-houses\">\n    <div class=\"likeOut likeDivOut\" style=\"display:none\">\n        <a data-id=\"2837\" class=\"likeOut_button_red likeBtnFav\"\n            aria-label=\"Megusta Vacalia\"><\/a>\n    <\/div>\n    <figure>\n        <img loading=\"lazy\" decoding=\"async\" \n            loading=\"lazy\" width=\"301\" height=\"200\"\n            src=\"\/\/media.vacalia.com\/photo\/reformatwebpfolder\/350\/200\/2837\/thumb-middle\/2837_a5029b586275288353e119c208bf09d4.webp?v=21092023\"\n            alt=\"Gladiolo - Holiday rentals in X\u00e0bia\/J\u00e1vea\"\/>\n                                                                        <div class=\"circleDiscount\">-11%<\/div>\n                        <\/figure>\n    <p itemprop=\"address\"><i class=\"ico-marker\"><\/i>X\u00e0bia\/J\u00e1vea, Alicante<\/p>\n    <h3 itemprop=\"name\">Gladiolo<\/h3>\n    <ul class=\"icon_list inline_list\">\n                              <li class=\"ico-pool\" title=\"Pool\">\n              <span itemprop=\"amenityFeature\">Pool<\/span>\n            <\/li>\n                      <li class=\"ico-airConditioning\" title=\"Air conditioning\">\n              <span itemprop=\"amenityFeature\">Air conditioning<\/span>\n            <\/li>\n                      <li class=\"ico-wifi\" title=\"Wifi\">\n              <span itemprop=\"amenityFeature\">Wifi<\/span>\n            <\/li>\n                          <li class=\"ico-guests\" title=\"For 6 guests in X\u00e0bia\/j\u00e1vea.\">\n          <span itemprop=\"occupancy\">6<\/span>\n        <\/li>\n    <\/ul>\n            <span class=\"price\">From 101\u20ac \/ night<\/span>\n                <a itemprop=\"url\" class=\"anchor\" href=\"https:\/\/www.vacalia.com\/en\/villa-gladiolo-xabia-javea-h19642\" aria-label=\"Gladiolo\"><\/a>\n<\/div><div class=\"new-card-houses\">\n    <div class=\"likeOut likeDivOut\" style=\"display:none\">\n        <a data-id=\"3259\" class=\"likeOut_button_red likeBtnFav\"\n            aria-label=\"Megusta Vacalia\"><\/a>\n    <\/div>\n    <figure>\n        <img loading=\"lazy\" decoding=\"async\" \n            loading=\"lazy\" width=\"301\" height=\"200\"\n            src=\"\/\/media.vacalia.com\/photo\/reformatwebpfolder\/350\/200\/3259\/thumb-middle\/3259_c04f4bc50d7feb05cd12832d2286b9b6.webp?v=21092023\"\n            alt=\"Casa lea - Holiday rentals in Alcalal\u00ed\"\/>\n                                                                        <div class=\"circleDiscount\">-2%<\/div>\n                        <\/figure>\n    <p itemprop=\"address\"><i class=\"ico-marker\"><\/i>Alcalal\u00ed, Alicante<\/p>\n    <h3 itemprop=\"name\">Casa lea<\/h3>\n    <ul class=\"icon_list inline_list\">\n                              <li class=\"ico-pool\" title=\"Pool\">\n              <span itemprop=\"amenityFeature\">Pool<\/span>\n            <\/li>\n                      <li class=\"ico-airConditioning\" title=\"Air conditioning\">\n              <span itemprop=\"amenityFeature\">Air conditioning<\/span>\n            <\/li>\n                      <li class=\"ico-wifi\" title=\"Wifi\">\n              <span itemprop=\"amenityFeature\">Wifi<\/span>\n            <\/li>\n                      <li class=\"ico-pets\" title=\"Pets\">\n              <span itemprop=\"amenityFeature\">Pets<\/span>\n            <\/li>\n                          <li class=\"ico-guests\" title=\"For 5 guests in Alcalal\u00ed.\">\n          <span itemprop=\"occupancy\">5<\/span>\n        <\/li>\n    <\/ul>\n            <span class=\"price\">From 209\u20ac \/ night<\/span>\n                <a itemprop=\"url\" class=\"anchor\" href=\"https:\/\/www.vacalia.com\/en\/villa-casa-lea-alcalali-h23048\" aria-label=\"Casa lea\"><\/a>\n<\/div><\/div>\n\n\n\n<h2 class=\"wp-block-heading has-medium-font-size\"><strong>Conquering the summit: a privileged ascent<\/strong><\/h2>\n\n\n\n<p>There are several routes to climb to the summit of Montg\u00f3, but the most popular and accessible one starts from the so-called \u00abCam\u00ed de la Col\u00f2nia\u00bb, on the D\u00e9nia side. This path, well signposted and well maintained, ascends progressively through a leafy Mediterranean forest, where pines, carob trees and holm oaks predominate. As you advance, the vegetation becomes more scattered, giving way to a rocky terrain that announces the proximity of the summit.<\/p>\n\n\n\n<p>During the ascent, the views become more and more impressive. To the north, the coastal plain of D\u00e9nia stretches out. To the west, the silhouette of the Sierra de Bernia is silhouetted on the horizon, while to the south, the bay of J\u00e1vea and the cape of San Antonio offer a spectacular panoramic view. The final stretch to the summit requires a little more attention, with some rocky steps which, although not technically difficult, require caution and suitable footwear.<\/p>\n\n\n<div class=\"wp-block-image\">\n<figure class=\"aligncenter size-full\"><img decoding=\"async\" width=\"670\" height=\"300\" src=\"https:\/\/www.vacalia.com\/blog\/wp-content\/uploads\/2025\/05\/senderismo-parque-natural-del-montgo.jpg\" alt=\"Hiking through the Montg\u00f3 Natural Park in Alicante\" class=\"wp-image-7205\" srcset=\"https:\/\/www.vacalia.com\/blog\/wp-content\/uploads\/2025\/05\/senderismo-parque-natural-del-montgo.jpg 670w, https:\/\/www.vacalia.com\/blog\/wp-content\/uploads\/2025\/05\/senderismo-parque-natural-del-montgo-300x134.jpg 300w, https:\/\/www.vacalia.com\/blog\/wp-content\/uploads\/2025\/05\/senderismo-parque-natural-del-montgo-370x166.jpg 370w\" sizes=\"(max-width: 767px) 100vw, 670px\" \/><figcaption class=\"wp-element-caption\">Hiking through the Montg\u00f3 Natural Park in Alicante<\/figcaption><\/figure><\/div>\n\n\n<p>Once at the summit, the reward is indescribable. The sea seems to be within reach on both sides of the mountain, creating a unique perspective that makes the hiker feel as if they are on an island high above the Mediterranean. On particularly clear days, the panoramic view includes the Balearic Islands on the horizon, completing a dreamlike landscape that more than compensates for the effort made.<\/p>\n\n\n\n<p>The ascent and descent route is approximately 9 kilometres long, with a cumulative difference in altitude of about 750 metres. It can be completed in 4-5 hours, including stops to rest and enjoy the views. It is of moderate difficulty, being accessible to people in normal physical condition and with basic hiking experience.<\/p>\n\n\n\n<h2 class=\"wp-block-heading has-medium-font-size\"><strong>A treasure trove of Mediterranean biodiversity<\/strong><\/h2>\n\n\n\n<p>One of the great values of Montg\u00f3 is its extraordinary biodiversity. The natural park is home to more than 650 plant species, including several endemic species that cannot be found anywhere else on the planet. This richness is explained by the variety of microclimates created by its particular orography and its proximity to the sea.<\/p>\n\n\n\n<p>During the ascent, you can observe the succession of different plant communities. In the lower areas, the Mediterranean forest predominates, with pines, holm oaks and carob trees. As you gain altitude, the vegetation adapts to the more extreme conditions, giving way to rupicolous species that grow in the crevices of the rocks. In spring, the colourful wild flowers, such as rosemary, lavender, lilies and numerous orchids, turn the route into a true spectacle for the senses.<\/p>\n\n\n\n<p>Among the most outstanding species is the <strong>Silene de Ifach <\/strong>(<em>Silene hifacensis<\/em>), a small plant with white flowers that only grows in some areas of the Montg\u00f3 and the Pe\u00f1\u00f3n de Ifach. Another botanical jewel is the <strong>Montg\u00f3 Cardosanta <\/strong><em>(Centaurea rouyi<\/em>), an endemic plant with a very restricted distribution.<\/p>\n\n\n<div class=\"wp-block-image\">\n<figure class=\"aligncenter size-full\"><img decoding=\"async\" width=\"670\" height=\"300\" src=\"https:\/\/www.vacalia.com\/blog\/wp-content\/uploads\/2025\/05\/Silene-de-Ifach-Parque-Natural-del-Montgo.jpg\" alt=\"Silene de Ifach in the Montg\u00f3 Natural Park in Alicante\" class=\"wp-image-7203\" srcset=\"https:\/\/www.vacalia.com\/blog\/wp-content\/uploads\/2025\/05\/Silene-de-Ifach-Parque-Natural-del-Montgo.jpg 670w, https:\/\/www.vacalia.com\/blog\/wp-content\/uploads\/2025\/05\/Silene-de-Ifach-Parque-Natural-del-Montgo-300x134.jpg 300w, https:\/\/www.vacalia.com\/blog\/wp-content\/uploads\/2025\/05\/Silene-de-Ifach-Parque-Natural-del-Montgo-370x166.jpg 370w\" sizes=\"(max-width: 767px) 100vw, 670px\" \/><figcaption class=\"wp-element-caption\">Silene de Ifach in the Montg\u00f3 Natural Park in Alicante<\/figcaption><\/figure><\/div>\n\n\n<p>In terms of fauna, the Montg\u00f3 is home to numerous species of birds of prey, such as the Bonelli&#8217;s eagle, the peregrine falcon and the eagle owl. These birds can be spotted quite easily if you observe them carefully and patiently. It is also possible to encounter mammals such as foxes, genets and wild boar, although these are more elusive and difficult to see during the day.<\/p>\n\n\n<div class=\"bannerBlog\"><div class=\"new-card-houses\">\n    <div class=\"likeOut likeDivOut\" style=\"display:none\">\n        <a data-id=\"626\" class=\"likeOut_button_red likeBtnFav\"\n            aria-label=\"Megusta Vacalia\"><\/a>\n    <\/div>\n    <figure>\n        <img loading=\"lazy\" decoding=\"async\" \n            loading=\"lazy\" width=\"301\" height=\"200\"\n            src=\"\/\/media.vacalia.com\/photo\/reformatwebpfolder\/350\/200\/626\/thumb-middle\/01-1-B0646LGG00.webp?v=21092023\"\n            alt=\"Cascades - Holiday rentals in D\u00e9nia\"\/>\n                                                                    <\/figure>\n    <p itemprop=\"address\"><i class=\"ico-marker\"><\/i>D\u00e9nia, Alicante<\/p>\n    <h3 itemprop=\"name\">Cascades<\/h3>\n    <ul class=\"icon_list inline_list\">\n                              <li class=\"ico-pool\" title=\"Pool\">\n              <span itemprop=\"amenityFeature\">Pool<\/span>\n            <\/li>\n                      <li class=\"ico-airConditioning\" title=\"Air conditioning\">\n              <span itemprop=\"amenityFeature\">Air conditioning<\/span>\n            <\/li>\n                          <li class=\"ico-guests\" title=\"For 4+2   guests in D\u00e9nia.\">\n          <span itemprop=\"occupancy\">4+2  <\/span>\n        <\/li>\n    <\/ul>\n            <span class=\"price\">From 102\u20ac \/ night<\/span>\n                <a itemprop=\"url\" class=\"anchor\" href=\"https:\/\/www.vacalia.com\/en\/apartment-cascades-denia-h19258\" aria-label=\"Cascades\"><\/a>\n<\/div><div class=\"new-card-houses\">\n    <div class=\"likeOut likeDivOut\" style=\"display:none\">\n        <a data-id=\"5291\" class=\"likeOut_button_red likeBtnFav\"\n            aria-label=\"Megusta Vacalia\"><\/a>\n    <\/div>\n    <figure>\n        <img loading=\"lazy\" decoding=\"async\" \n            loading=\"lazy\" width=\"301\" height=\"200\"\n            src=\"\/\/media.vacalia.com\/photo\/reformatwebpfolder\/350\/200\/5291\/thumb-middle\/5291_e27b01ddde0be5324956b28d407955a8.webp?v=21092023\"\n            alt=\"Tigre - Holiday rentals in Jes\u00fas Pobre\"\/>\n                                                                    <\/figure>\n    <p itemprop=\"address\"><i class=\"ico-marker\"><\/i>Jes\u00fas Pobre, Alicante<\/p>\n    <h3 itemprop=\"name\">Tigre<\/h3>\n    <ul class=\"icon_list inline_list\">\n                              <li class=\"ico-pool\" title=\"Pool\">\n              <span itemprop=\"amenityFeature\">Pool<\/span>\n            <\/li>\n                      <li class=\"ico-airConditioning\" title=\"Air conditioning\">\n              <span itemprop=\"amenityFeature\">Air conditioning<\/span>\n            <\/li>\n                      <li class=\"ico-wifi\" title=\"Wifi\">\n              <span itemprop=\"amenityFeature\">Wifi<\/span>\n            <\/li>\n                      <li class=\"ico-pets\" title=\"Pets\">\n              <span itemprop=\"amenityFeature\">Pets<\/span>\n            <\/li>\n                          <li class=\"ico-guests\" title=\"For 6 guests in Jes\u00fas Pobre.\">\n          <span itemprop=\"occupancy\">6<\/span>\n        <\/li>\n    <\/ul>\n            <span class=\"price\">From 105\u20ac \/ night<\/span>\n                <a itemprop=\"url\" class=\"anchor\" href=\"https:\/\/www.vacalia.com\/en\/apartment-tigre-denia-h30225\" aria-label=\"Tigre\"><\/a>\n<\/div><\/div>\n\n\n\n<h2 class=\"wp-block-heading has-medium-font-size\"><strong>Other routes in the natural park<\/strong><\/h2>\n\n\n\n<p>In addition to the ascent to the summit, the Montg\u00f3 Natural Park offers other routes of great interest:<\/p>\n\n\n\n<ul class=\"wp-block-list\">\n<li><strong>La Cova de l&#8217;Aigua<\/strong>: A shorter and simpler route that leads to an ancient cave used since prehistoric times to collect rainwater that filtered through cracks in the rock. In addition to its historical interest, it offers spectacular views of the bay of J\u00e1vea.<\/li>\n<\/ul>\n\n\n\n<p><\/p>\n\n\n<div class=\"wp-block-image\">\n<figure class=\"aligncenter size-full\"><img loading=\"lazy\" decoding=\"async\" width=\"670\" height=\"300\" src=\"https:\/\/www.vacalia.com\/blog\/wp-content\/uploads\/2025\/05\/La-Cova-del-Aigua-Parque-Natural-del-Montgo.jpg\" alt=\"La Cova de l'Aigua en D\u00e9nia, Alicante\" class=\"wp-image-7202\" srcset=\"https:\/\/www.vacalia.com\/blog\/wp-content\/uploads\/2025\/05\/La-Cova-del-Aigua-Parque-Natural-del-Montgo.jpg 670w, https:\/\/www.vacalia.com\/blog\/wp-content\/uploads\/2025\/05\/La-Cova-del-Aigua-Parque-Natural-del-Montgo-300x134.jpg 300w, https:\/\/www.vacalia.com\/blog\/wp-content\/uploads\/2025\/05\/La-Cova-del-Aigua-Parque-Natural-del-Montgo-370x166.jpg 370w\" sizes=\"(max-width: 767px) 100vw, 670px\" \/><figcaption class=\"wp-element-caption\">La Cova de l&#8217;Aigua in D\u00e9nia, Alicante<\/figcaption><\/figure><\/div>\n\n\n<ul class=\"wp-block-list\">\n<li><strong>The route of the Montg\u00f3 Caves<\/strong>: This route along the southern slope allows you to visit several karst caves where archaeological remains have been found that show evidence of human presence since the Palaeolithic period. It is an excellent option to combine nature and history.<\/li>\n\n\n\n<li><strong>Cape San Antonio<\/strong>: Located at the eastern end of the massif, this cape offers impressive cliffs and a marine reserve with easy routes suitable for the whole family. It is an ideal place to enjoy coastal walks and observe the marine flora and fauna.<\/li>\n<\/ul>\n\n\n\n<p><\/p>\n\n\n\n<h2 class=\"wp-block-heading has-medium-font-size\"><strong>Recommendations for the visit<\/strong><\/h2>\n\n\n\n<ul class=\"wp-block-list\">\n<li><strong>Ideal time of year<\/strong>: Although the climate allows these routes to be done all year round, spring is particularly recommended due to the floral explosion and pleasant temperatures. In summer, it is preferable to avoid the central hours of the day due to the heat.<\/li>\n\n\n\n<li><strong>Equipment<\/strong>: It is essential to bring suitable hiking shoes, sun protection, a hat and enough water, as there are no fountains on the routes. A trekking pole may be useful on the rockier sections.<\/li>\n\n\n\n<li><strong>Protection of the environment<\/strong>: It is essential to respect the rules of the natural park, to stay on the marked trails and not to collect plants, many of which are protected because of their rarity. It is also important not to leave litter and to carry a bag to keep your rubbish in.<\/li>\n\n\n\n<li><strong>Additional information<\/strong>: The Interpretation Centre of the Natural Park, located in D\u00e9nia, offers exhibitions and informative material that will help to better understand the natural and historical values of this protected area. It is a good starting point to plan your visit.<\/li>\n<\/ul>\n\n\n\n<p><\/p>\n\n\n<div class=\"wp-block-image\">\n<figure class=\"aligncenter size-full\"><img loading=\"lazy\" decoding=\"async\" width=\"670\" height=\"300\" src=\"https:\/\/www.vacalia.com\/blog\/wp-content\/uploads\/2025\/05\/senderismo-parque-natural-montgo.jpg\" alt=\"Hiking through the Montg\u00f3 Natural Park in Alicante\" class=\"wp-image-7206\" srcset=\"https:\/\/www.vacalia.com\/blog\/wp-content\/uploads\/2025\/05\/senderismo-parque-natural-montgo.jpg 670w, https:\/\/www.vacalia.com\/blog\/wp-content\/uploads\/2025\/05\/senderismo-parque-natural-montgo-300x134.jpg 300w, https:\/\/www.vacalia.com\/blog\/wp-content\/uploads\/2025\/05\/senderismo-parque-natural-montgo-370x166.jpg 370w\" sizes=\"(max-width: 767px) 100vw, 670px\" \/><figcaption class=\"wp-element-caption\">Hiking through the Montg\u00f3 Natural Park in Alicante<\/figcaption><\/figure><\/div>\n\n\n<p>The Montg\u00f3 Natural Park represents one of the most valuable natural jewels of the Costa Blanca. Its trails not only offer incomparable panoramic views, but also the opportunity to enter a privileged natural environment where every corner hides botanical and faunal treasures. Whether conquering its summit, exploring its caves or enjoying its cliffs, the Montg\u00f3 is a destination that combines adventure, history and nature in an incomparable setting. A place that undoubtedly deserves to be discovered and preserved for future generations.<\/p>\n\n\n<div class=\"bannerBlog\"><div class=\"new-card-houses\">\n    <div class=\"likeOut likeDivOut\" style=\"display:none\">\n        <a data-id=\"2838\" class=\"likeOut_button_red likeBtnFav\"\n            aria-label=\"Megusta Vacalia\"><\/a>\n    <\/div>\n    <figure>\n        <img loading=\"lazy\" decoding=\"async\" \n            loading=\"lazy\" width=\"301\" height=\"200\"\n            src=\"\/\/media.vacalia.com\/photo\/reformatwebpfolder\/350\/200\/2838\/thumb-middle\/2838_06c902e5155c905c9c7ca2e45a53fefd.webp?v=21092023\"\n            alt=\"Frederic - Holiday rentals in X\u00e0bia\/J\u00e1vea\"\/>\n                                                                        <div class=\"circleDiscount\">-8%<\/div>\n                        <\/figure>\n    <p itemprop=\"address\"><i class=\"ico-marker\"><\/i>X\u00e0bia\/J\u00e1vea, Alicante<\/p>\n    <h3 itemprop=\"name\">Frederic<\/h3>\n    <ul class=\"icon_list inline_list\">\n                              <li class=\"ico-pool\" title=\"Pool\">\n              <span itemprop=\"amenityFeature\">Pool<\/span>\n            <\/li>\n                      <li class=\"ico-wifi\" title=\"Wifi\">\n              <span itemprop=\"amenityFeature\">Wifi<\/span>\n            <\/li>\n                          <li class=\"ico-guests\" title=\"For 6 guests in X\u00e0bia\/j\u00e1vea.\">\n          <span itemprop=\"occupancy\">6<\/span>\n        <\/li>\n    <\/ul>\n            <span class=\"price\">From 100\u20ac \/ night<\/span>\n                <a itemprop=\"url\" class=\"anchor\" href=\"https:\/\/www.vacalia.com\/en\/villa-frederic-xabia-javea-h19852\" aria-label=\"Frederic\"><\/a>\n<\/div><div class=\"new-card-houses\">\n    <div class=\"likeOut likeDivOut\" style=\"display:none\">\n        <a data-id=\"2837\" class=\"likeOut_button_red likeBtnFav\"\n            aria-label=\"Megusta Vacalia\"><\/a>\n    <\/div>\n    <figure>\n        <img loading=\"lazy\" decoding=\"async\" \n            loading=\"lazy\" width=\"301\" height=\"200\"\n            src=\"\/\/media.vacalia.com\/photo\/reformatwebpfolder\/350\/200\/2837\/thumb-middle\/2837_a5029b586275288353e119c208bf09d4.webp?v=21092023\"\n            alt=\"Gladiolo - Holiday rentals in X\u00e0bia\/J\u00e1vea\"\/>\n                                                                        <div class=\"circleDiscount\">-11%<\/div>\n                        <\/figure>\n    <p itemprop=\"address\"><i class=\"ico-marker\"><\/i>X\u00e0bia\/J\u00e1vea, Alicante<\/p>\n    <h3 itemprop=\"name\">Gladiolo<\/h3>\n    <ul class=\"icon_list inline_list\">\n                              <li class=\"ico-pool\" title=\"Pool\">\n              <span itemprop=\"amenityFeature\">Pool<\/span>\n            <\/li>\n                      <li class=\"ico-airConditioning\" title=\"Air conditioning\">\n              <span itemprop=\"amenityFeature\">Air conditioning<\/span>\n            <\/li>\n                      <li class=\"ico-wifi\" title=\"Wifi\">\n              <span itemprop=\"amenityFeature\">Wifi<\/span>\n            <\/li>\n                          <li class=\"ico-guests\" title=\"For 6 guests in X\u00e0bia\/j\u00e1vea.\">\n          <span itemprop=\"occupancy\">6<\/span>\n        <\/li>\n    <\/ul>\n            <span class=\"price\">From 101\u20ac \/ night<\/span>\n                <a itemprop=\"url\" class=\"anchor\" href=\"https:\/\/www.vacalia.com\/en\/villa-gladiolo-xabia-javea-h19642\" aria-label=\"Gladiolo\"><\/a>\n<\/div><\/div>\n","protected":false},"excerpt":{"rendered":"<p>Between the picturesque towns of D\u00e9nia and J\u00e1vea, in the province of Alicante, lies the Montg\u00f3 Natural Park. This impressive mountain massif creates one of the most recognisable profiles of&hellip;<\/p>\n","protected":false},"author":1,"featured_media":7206,"comment_status":"closed","ping_status":"open","sticky":false,"template":"","format":"standard","meta":{"_monsterinsights_skip_tracking":false,"_monsterinsights_sitenote_active":false,"_monsterinsights_sitenote_note":"","_monsterinsights_sitenote_category":0,"footnotes":""},"categories":[1009,641,36,669,675],"tags":[],"class_list":["post-7208","post","type-post","status-publish","format-standard","has-post-thumbnail","hentry","category-alicante-en","category-alicante-guides","category-general-en","category-what-to-do-in-alicante","category-what-to-see-in-alicante"],"_links":{"self":[{"href":"https:\/\/www.vacalia.com\/blog\/wp-json\/wp\/v2\/posts\/7208"}],"collection":[{"href":"https:\/\/www.vacalia.com\/blog\/wp-json\/wp\/v2\/posts"}],"about":[{"href":"https:\/\/www.vacalia.com\/blog\/wp-json\/wp\/v2\/types\/post"}],"author":[{"embeddable":true,"href":"https:\/\/www.vacalia.com\/blog\/wp-json\/wp\/v2\/users\/1"}],"replies":[{"embeddable":true,"href":"https:\/\/www.vacalia.com\/blog\/wp-json\/wp\/v2\/comments?post=7208"}],"version-history":[{"count":6,"href":"https:\/\/www.vacalia.com\/blog\/wp-json\/wp\/v2\/posts\/7208\/revisions"}],"predecessor-version":[{"id":7740,"href":"https:\/\/www.vacalia.com\/blog\/wp-json\/wp\/v2\/posts\/7208\/revisions\/7740"}],"wp:featuredmedia":[{"embeddable":true,"href":"https:\/\/www.vacalia.com\/blog\/wp-json\/wp\/v2\/media\/7206"}],"wp:attachment":[{"href":"https:\/\/www.vacalia.com\/blog\/wp-json\/wp\/v2\/media?parent=7208"}],"wp:term":[{"taxonomy":"category","embeddable":true,"href":"https:\/\/www.vacalia.com\/blog\/wp-json\/wp\/v2\/categories?post=7208"},{"taxonomy":"post_tag","embeddable":true,"href":"https:\/\/www.vacalia.com\/blog\/wp-json\/wp\/v2\/tags?post=7208"}],"curies":[{"name":"wp","href":"https:\/\/api.w.org\/{rel}","templated":true}]}}