{"id":7224,"date":"2025-05-30T10:02:54","date_gmt":"2025-05-30T08:02:54","guid":{"rendered":"https:\/\/www.vacalia.com\/blog\/?p=7224"},"modified":"2025-12-15T05:14:14","modified_gmt":"2025-12-15T04:14:14","slug":"san-juan-malaga-guia-disfrutar-noche-magica","status":"publish","type":"post","link":"https:\/\/www.vacalia.com\/blog\/es\/san-juan-malaga-guia-disfrutar-noche-magica\/","title":{"rendered":"San Juan en M\u00e1laga: gu\u00eda definitiva para vivir la noche m\u00e1s m\u00e1gica del a\u00f1o"},"content":{"rendered":"\n<p>En <strong><a href=\"https:\/\/www.vacalia.com\/es\/alojamiento-vacacional-malaga\" target=\"_blank\" rel=\"noreferrer noopener\">M\u00e1laga<\/a><\/strong>, esta noche \u00fanica del a\u00f1o adquiere una dimensi\u00f3n especial. El mar, las monta\u00f1as que abrazan la ciudad y el clima privilegiado de la Costa del Sol crean el escenario perfecto para una tradici\u00f3n que ha perdurado siglos. Aqu\u00ed, fuego, agua y m\u00fasica no son simples elementos de una fiesta; son los protagonistas de un ritual ancestral.<\/p>\n\n\n\n<p>La Noche de San Juan tiene sus ra\u00edces en ceremonias paganas vinculadas al solsticio de verano, cuando nuestros antepasados celebraban el triunfo de la luz sobre las tinieblas. Con la llegada del cristianismo, estas tradiciones se adaptaron a las festividades cristianas, creando una mezcla \u00fanica de creencias que ha evolucionado hasta convertirse en una de las celebraciones m\u00e1s esperadas de la Costa del Sol.<\/p>\n\n\n\n<p>En M\u00e1laga, esta fusi\u00f3n cultural ha dado lugar a una celebraci\u00f3n donde lo sagrado y lo profano conviven en perfecta armon\u00eda.<\/p>\n\n\n<div class=\"wp-block-image\">\n<figure class=\"aligncenter size-full\"><img fetchpriority=\"high\" decoding=\"async\" width=\"659\" height=\"295\" src=\"https:\/\/www.vacalia.com\/blog\/wp-content\/uploads\/2025\/05\/hogueras-san-juan-malaga.jpg\" alt=\"Hogueras de San Juan en M\u00e1laga\" class=\"wp-image-7227\" srcset=\"https:\/\/www.vacalia.com\/blog\/wp-content\/uploads\/2025\/05\/hogueras-san-juan-malaga.jpg 659w, https:\/\/www.vacalia.com\/blog\/wp-content\/uploads\/2025\/05\/hogueras-san-juan-malaga-300x134.jpg 300w, https:\/\/www.vacalia.com\/blog\/wp-content\/uploads\/2025\/05\/hogueras-san-juan-malaga-370x166.jpg 370w\" sizes=\"(max-width: 767px) 100vw, 659px\" \/><figcaption class=\"wp-element-caption\">Hogueras de San Juan en M\u00e1laga<\/figcaption><\/figure><\/div>\n\n\n<h2 class=\"wp-block-heading has-medium-font-size\"><strong>Las playas: epicentro de la celebraci\u00f3n<\/strong><\/h2>\n\n\n\n<p>Cada a\u00f1o al comienzo del verano, cuando las noches se vuelven c\u00e1lidas y el mar alcanza su temperatura m\u00e1s placentera, las playas malague\u00f1as se transforman en aut\u00e9nticos escenarios festivos. La ciudad entera se vuelca hacia el mar, convirtiendo la franja costera en el coraz\u00f3n palpitante de la celebraci\u00f3n.<\/p>\n\n\n\n<p><strong><a href=\"https:\/\/www.vacalia.com\/es\/playa-de-la-malagueta-malaga-p824\" target=\"_blank\" rel=\"noreferrer noopener\">La Malagueta<\/a><\/strong>, la playa m\u00e1s emblem\u00e1tica de la capital, se convierte en un hervidero de actividad. Su amplitud y cercan\u00eda al centro hist\u00f3rico la convierten en el punto de encuentro preferido de miles de personas. Aqu\u00ed, un gran n\u00e9mero de hogueras se suceden a lo largo de toda la arena, creando un impresionante paisaje de luces .<\/p>\n\n\n\n<p><strong>El Palo<\/strong> mantiene ese ambiente m\u00e1s tradicional y familiar, donde los vecinos del barrio se re\u00fanen como lo han hecho durante generaciones. Las familias extienden sus mantas sobre la arena y comparten comida casera mientras los ni\u00f1os corren entre las hogueras bajo la atenta mirada de abuelos que rememoran San Juanes pasados.<\/p>\n\n\n\n<p><strong>Pedregalejo<\/strong>, con su ambiente m\u00e1s bohemio y sus tradicionales chiringuitos, atrae a quienes buscan una celebraci\u00f3n m\u00e1s relajada pero igualmente aut\u00e9ntica. Aqu\u00ed, las guitarras suenan hasta el amanecer y no es raro ver malague\u00f1os bailando descalzos sobre la arena.<\/p>\n\n\n\n<p><strong>Huelin<\/strong> ofrece una experiencia m\u00e1s familiar, perfecta para quienes celebran San Juan por primera vez. Si buscas&nbsp;<strong>celebrar San Juan en M\u00e1laga con ni\u00f1os<\/strong>, Huelin es la playa ideal: menos aglomeraciones y zona delimitada para hogueras seguras.<\/p>\n\n\n\n<h2 class=\"wp-block-heading has-small-font-size\"><strong>Rituales que se repiten a\u00f1o tras a\u00f1o<\/strong><\/h2>\n\n\n\n<p>Los rituales de San Juan son el alma de esta celebraci\u00f3n, ceremonias cargadas de simbolismo que se han mantenido pr\u00e1cticamente intactos, pasando de generaci\u00f3n en generaci\u00f3n como un tesoro cultural invaluable.<\/p>\n\n\n\n<p>La construcci\u00f3n y quema de los \u00abj\u00faas\u00bb es el ritual m\u00e1s espectacular. Estas figuras, elaboradas con trapos viejos, cart\u00f3n y materiales reciclados, representan personajes p\u00fablicos controvertidos o simbolizan deseos de renovaci\u00f3n. Verlas arder en las hogueras es un espect\u00e1culo que permite a cada persona desprenderse simb\u00f3licamente de lo negativo.<\/p>\n\n\n<div class=\"wp-block-image\">\n<figure class=\"aligncenter size-full\"><img decoding=\"async\" width=\"659\" height=\"295\" src=\"https:\/\/www.vacalia.com\/blog\/wp-content\/uploads\/2025\/05\/juas-san-juan-malaga.jpg\" alt=\"Ritual de los &quot;j\u00faas&quot; en M\u00e1laga\" class=\"wp-image-7226\" srcset=\"https:\/\/www.vacalia.com\/blog\/wp-content\/uploads\/2025\/05\/juas-san-juan-malaga.jpg 659w, https:\/\/www.vacalia.com\/blog\/wp-content\/uploads\/2025\/05\/juas-san-juan-malaga-300x134.jpg 300w, https:\/\/www.vacalia.com\/blog\/wp-content\/uploads\/2025\/05\/juas-san-juan-malaga-370x166.jpg 370w\" sizes=\"(max-width: 767px) 100vw, 659px\" \/><figcaption class=\"wp-element-caption\">Ritual de los \u00abj\u00faas\u00bb en M\u00e1laga<\/figcaption><\/figure><\/div>\n\n\n<p>Saltar las hogueras requiere destreza y precauci\u00f3n. Se dice que quienes logran saltar siete hogueras diferentes sin quemarse tendr\u00e1n un a\u00f1o pr\u00f3spero y libre de enfermedades. Este acto encierra un profundo significado: es el paso literal y simb\u00f3lico del fuego purificador.<\/p>\n\n\n\n<p>El ba\u00f1o a medianoche en el mar es el ritual m\u00e1s \u00edntimo y personal. Cuando las campanas anuncian la llegada del nuevo d\u00eda, cientos de personas se sumergen en las aguas mediterr\u00e1neas para recibir las bendiciones que prometen salud y buena suerte.<\/p>\n\n\n\n<p>Escribir deseos en papel y arrojarlos al fuego permite a cada persona hacer sus peticiones m\u00e1s \u00edntimas al universo. Ver c\u00f3mo las llamas consumen estos papeles es contemplar c\u00f3mo nuestros objetivos se elevan hacia el cielo.<\/p>\n\n\n\n<h2 class=\"wp-block-heading has-medium-font-size\"><strong>La fiesta popular: m\u00fasica, gastronom\u00eda y alegr\u00eda<\/strong><\/h2>\n\n\n\n<p>La m\u00fasica, los fuegos artificiales y la comida t\u00edpica son protagonistas indiscutibles que dan forma al car\u00e1cter festivo de esta noche especial. La m\u00fasica fluye de manera natural por toda la playa, desde acordes flamencos hasta canciones populares, creando una banda sonora espont\u00e1nea que refleja la esencia multicultural de la ciudad.<\/p>\n\n\n\n<p>Los fuegos artificiales iluminan el cielo nocturno, a\u00f1adiendo espectacularidad mientras se reflejan en las aguas del mar. Pero si hay algo que define gastron\u00f3micamente la Noche de San Juan en M\u00e1laga, son las sardinas al espeto. El aroma a pescado asado sobre brasas de le\u00f1a invade toda la costa, despertando el apetito y recordando que esta es una celebraci\u00f3n popular y cercana.<\/p>\n\n\n<div class=\"wp-block-image\">\n<figure class=\"aligncenter size-full\"><img decoding=\"async\" width=\"659\" height=\"295\" src=\"https:\/\/www.vacalia.com\/blog\/wp-content\/uploads\/2025\/05\/espetos-hogueras-san-juan-malaga.jpg\" alt=\"Sardinas al espeto en M\u00e1laga\" class=\"wp-image-7225\" srcset=\"https:\/\/www.vacalia.com\/blog\/wp-content\/uploads\/2025\/05\/espetos-hogueras-san-juan-malaga.jpg 659w, https:\/\/www.vacalia.com\/blog\/wp-content\/uploads\/2025\/05\/espetos-hogueras-san-juan-malaga-300x134.jpg 300w, https:\/\/www.vacalia.com\/blog\/wp-content\/uploads\/2025\/05\/espetos-hogueras-san-juan-malaga-370x166.jpg 370w\" sizes=\"(max-width: 767px) 100vw, 659px\" \/><figcaption class=\"wp-element-caption\">Sardinas al espeto en M\u00e1laga<\/figcaption><\/figure><\/div>\n\n\n<p>Tanto los locales como los visitantes participan de este gran picnic colectivo. Las familias malague\u00f1as llegan con neveras repletas de tortilla de patatas, gazpacho, ensaladilla rusa y tapas caseras que comparten con familiares y amigos.&nbsp;<\/p>\n\n\n\n<p>El ambiente que se respira es genuinamente familiar, alegre y muy malague\u00f1o.<\/p>\n\n\n\n<h2 class=\"wp-block-heading has-medium-font-size\"><strong>C\u00f3mo disfrutarla como un malague\u00f1o<\/strong><\/h2>\n\n\n\n<p>Para vivir San Juan como un aut\u00e9ntico malague\u00f1o, llegar temprano para coger buen sitio es fundamental. Los mejores lugares se ocupan desde media tarde. Elegir una ubicaci\u00f3n cercana al mar pero con f\u00e1cil acceso a los chiringuitos puede marcar la diferencia.<\/p>\n\n\n\n<p>La ropa c\u00f3moda es esencial: prendas de algod\u00f3n que no importe manchar con arena o humo. Una toalla o s\u00e1bana de playa es imprescindible para sentarse y para el ba\u00f1o a medianoche. En cuanto al calzado apropiado, unas sandalias f\u00e1ciles de quitar es lo m\u00e1s pr\u00e1ctico.<\/p>\n\n\n\n<p>Pero lo m\u00e1s importante es participar con mente abierta en los rituales: escribir ese deseo, intentar saltar una hoguera, mojarse los pies a medianoche. San Juan premia a quienes se atreven a participar y se dejan llevar por la magia del momento.<\/p>\n\n\n\n<p>Disfrutar con respeto por el entorno natural y las normas locales es responsabilidad de todos. En los \u00faltimos a\u00f1os, el Ayuntamiento promueve una San Juan m\u00e1s sostenible con campa\u00f1as de concienciaci\u00f3n sobre limpieza y uso de materiales reciclables. Seg\u00fan el Ayuntamiento, en 2023 se recogieron 15 toneladas de restos de hogueras, prueba de la magnitud de una fiesta que atrae a m\u00e1s de 50.000 personas a la costa.<\/p>\n\n\n\n<h2 class=\"wp-block-heading has-medium-font-size\"><strong>Opciones para todos los gustos<\/strong><\/h2>\n\n\n\n<p>San Juan en M\u00e1laga se adapta a diferentes formas de celebrar. Los chiringuitos organizan cenas especiales que combinan gastronom\u00eda local con el ambiente m\u00e1gico, ofreciendo men\u00fas dise\u00f1ados espec\u00edficamente para esta noche.<\/p>\n\n\n\n<p>Otros prefieren reuniones m\u00e1s \u00edntimas con amigos en zonas tranquilas, creando su propio espacio de celebraci\u00f3n. Los paseos por la orilla del mar ofrecen una experiencia contemplativa, caminando descalzo mientras se observan las hogueras desde la distancia.<\/p>\n\n\n\n<p>Para familias con ni\u00f1os, existen zonas m\u00e1s tranquilas donde los peque\u00f1os pueden participar de forma segura. Los m\u00e1s aventureros pueden recorrer diferentes playas durante la misma noche, experimentando c\u00f3mo cada zona tiene su propia personalidad.<\/p>\n\n\n\n<h2 class=\"wp-block-heading has-medium-font-size\"><strong>San Juan, m\u00e1s all\u00e1 de una noche<\/strong><\/h2>\n\n\n\n<p>Cuando las primeras luces del amanecer se filtran por el horizonte y las \u00faltimas brasas se consumen, San Juan deja tras de s\u00ed algo mucho m\u00e1s profundo que los restos de una celebraci\u00f3n. Esta festividad trasciende su car\u00e1cter temporal para convertirse en una noche de transformaci\u00f3n, de conexi\u00f3n con la comunidad.<\/p>\n\n\n<div class=\"wp-block-image\">\n<figure class=\"aligncenter size-full\"><img loading=\"lazy\" decoding=\"async\" width=\"659\" height=\"295\" src=\"https:\/\/www.vacalia.com\/blog\/wp-content\/uploads\/2025\/05\/hoguera-san-juan-malaga.jpg\" alt=\"Hoguera de San Juan en M\u00e1laga\" class=\"wp-image-7228\" srcset=\"https:\/\/www.vacalia.com\/blog\/wp-content\/uploads\/2025\/05\/hoguera-san-juan-malaga.jpg 659w, https:\/\/www.vacalia.com\/blog\/wp-content\/uploads\/2025\/05\/hoguera-san-juan-malaga-300x134.jpg 300w, https:\/\/www.vacalia.com\/blog\/wp-content\/uploads\/2025\/05\/hoguera-san-juan-malaga-370x166.jpg 370w\" sizes=\"(max-width: 767px) 100vw, 659px\" \/><figcaption class=\"wp-element-caption\">Hoguera de San Juan en M\u00e1laga<\/figcaption><\/figure><\/div>\n\n\n<p>Durante estas horas m\u00e1gicas, las personas se permiten so\u00f1ar, se atreven a cambiar, encuentran fuerza para afrontar nuevos desaf\u00edos. La conexi\u00f3n con fuego, agua, aire y tierra nos ense\u00f1a sobre purificaci\u00f3n, renacimiento y trascendencia.<\/p>\n\n\n\n<p>Pero el aspecto m\u00e1s valioso es su capacidad para crear conexi\u00f3n comunitaria. Los visitantes son acogidos como parte de la gran familia malague\u00f1a. Esta noche ense\u00f1a que la verdadera riqueza reside en compartir momentos \u00fanicos.<\/p>\n\n\n\n<p>San Juan en M\u00e1laga no es solo una celebraci\u00f3n: es una forma de entender el verano, la vida al aire libre y la alegr\u00eda compartida. Es la demostraci\u00f3n de que la felicidad se multiplica cuando se comparte y de que las tradiciones cobran sentido en comunidad.<\/p>\n\n\n<div class=\"bannerBlog\"><div class=\"new-card-houses\">\n    <div class=\"likeOut likeDivOut\" style=\"display:none\">\n        <a data-id=\"4517\" class=\"likeOut_button_red likeBtnFav\"\n            aria-label=\"Megusta Vacalia\"><\/a>\n    <\/div>\n    <figure>\n        <img loading=\"lazy\" decoding=\"async\" \n            loading=\"lazy\" width=\"301\" height=\"200\"\n            src=\"\/\/media.vacalia.com\/photo\/reformatwebpfolder\/350\/200\/4517\/thumb-middle\/4517_6843403961268b138bde72436826aab0.webp?v=21092023\"\n            alt=\"Calanova - Alquiler vacacional en Mijas\"\/>\n                                                                        <div class=\"circleDiscount\">-46%<\/div>\n                        <\/figure>\n    <p itemprop=\"address\"><i class=\"ico-marker\"><\/i>Mijas, M\u00e1laga<\/p>\n    <h3 itemprop=\"name\">Calanova<\/h3>\n    <ul class=\"icon_list inline_list\">\n                              <li class=\"ico-pool\" title=\"Piscina\">\n              <span itemprop=\"amenityFeature\">Piscina<\/span>\n            <\/li>\n                      <li class=\"ico-airConditioning\" title=\"Aire Acondicionado\">\n              <span itemprop=\"amenityFeature\">Aire Acondicionado<\/span>\n            <\/li>\n                      <li class=\"ico-wifi\" title=\"Wifi\">\n              <span itemprop=\"amenityFeature\">Wifi<\/span>\n            <\/li>\n                          <li class=\"ico-guests\" title=\"Para 4 hu\u00e9spedes en Mijas.\">\n          <span itemprop=\"occupancy\">4<\/span>\n        <\/li>\n    <\/ul>\n            <span class=\"price\">Desde 38\u20ac \/ noche<\/span>\n                <a itemprop=\"url\" class=\"anchor\" href=\"https:\/\/www.vacalia.com\/es\/apartamento-calanova-mijas-h26291\" aria-label=\"Calanova\"><\/a>\n<\/div><div class=\"new-card-houses\">\n    <div class=\"likeOut likeDivOut\" style=\"display:none\">\n        <a data-id=\"3763\" class=\"likeOut_button_red likeBtnFav\"\n            aria-label=\"Megusta Vacalia\"><\/a>\n    <\/div>\n    <figure>\n        <img loading=\"lazy\" decoding=\"async\" \n            loading=\"lazy\" width=\"301\" height=\"200\"\n            src=\"\/\/media.vacalia.com\/photo\/reformatwebpfolder\/350\/200\/3763\/thumb-middle\/3763_af04cefafa60ef9d8449b74d5ff76cb9.webp?v=21092023\"\n            alt=\"Villa la tuna - Alquiler vacacional en Benalm\u00e1dena\"\/>\n                                                                        <div class=\"circleDiscount\">-24%<\/div>\n                        <\/figure>\n    <p itemprop=\"address\"><i class=\"ico-marker\"><\/i>Benalm\u00e1dena, M\u00e1laga<\/p>\n    <h3 itemprop=\"name\">Villa la tuna<\/h3>\n    <ul class=\"icon_list inline_list\">\n                              <li class=\"ico-pool\" title=\"Piscina\">\n              <span itemprop=\"amenityFeature\">Piscina<\/span>\n            <\/li>\n                      <li class=\"ico-airConditioning\" title=\"Aire Acondicionado\">\n              <span itemprop=\"amenityFeature\">Aire Acondicionado<\/span>\n            <\/li>\n                      <li class=\"ico-wifi\" title=\"Wifi\">\n              <span itemprop=\"amenityFeature\">Wifi<\/span>\n            <\/li>\n                      <li class=\"ico-views\" title=\"Vistas\">\n              <span itemprop=\"amenityFeature\">Vistas<\/span>\n            <\/li>\n                          <li class=\"ico-guests\" title=\"Para 8 hu\u00e9spedes en Benalm\u00e1dena.\">\n          <span itemprop=\"occupancy\">8<\/span>\n        <\/li>\n    <\/ul>\n            <span class=\"price\">Desde 209\u20ac \/ noche<\/span>\n                <a itemprop=\"url\" class=\"anchor\" href=\"https:\/\/www.vacalia.com\/es\/villa-villa-la-tuna-benalmadena-h24947\" aria-label=\"Villa la tuna\"><\/a>\n<\/div><\/div>\n","protected":false},"excerpt":{"rendered":"<p>En M\u00e1laga, esta noche \u00fanica del a\u00f1o adquiere una dimensi\u00f3n especial. El mar, las monta\u00f1as que abrazan la ciudad y el clima privilegiado de la Costa del Sol crean el&hellip;<\/p>\n","protected":false},"author":1,"featured_media":7228,"comment_status":"closed","ping_status":"open","sticky":false,"template":"","format":"standard","meta":{"_monsterinsights_skip_tracking":false,"_monsterinsights_sitenote_active":false,"_monsterinsights_sitenote_note":"","_monsterinsights_sitenote_category":0,"footnotes":""},"categories":[537,595,565,1],"tags":[],"class_list":["post-7224","post","type-post","status-publish","format-standard","has-post-thumbnail","hentry","category-malaga-es","category-que-hacer-en-malaga","category-fiestas-y-tradiciones-de-malaga","category-general-es"],"_links":{"self":[{"href":"https:\/\/www.vacalia.com\/blog\/wp-json\/wp\/v2\/posts\/7224"}],"collection":[{"href":"https:\/\/www.vacalia.com\/blog\/wp-json\/wp\/v2\/posts"}],"about":[{"href":"https:\/\/www.vacalia.com\/blog\/wp-json\/wp\/v2\/types\/post"}],"author":[{"embeddable":true,"href":"https:\/\/www.vacalia.com\/blog\/wp-json\/wp\/v2\/users\/1"}],"replies":[{"embeddable":true,"href":"https:\/\/www.vacalia.com\/blog\/wp-json\/wp\/v2\/comments?post=7224"}],"version-history":[{"count":5,"href":"https:\/\/www.vacalia.com\/blog\/wp-json\/wp\/v2\/posts\/7224\/revisions"}],"predecessor-version":[{"id":7859,"href":"https:\/\/www.vacalia.com\/blog\/wp-json\/wp\/v2\/posts\/7224\/revisions\/7859"}],"wp:featuredmedia":[{"embeddable":true,"href":"https:\/\/www.vacalia.com\/blog\/wp-json\/wp\/v2\/media\/7228"}],"wp:attachment":[{"href":"https:\/\/www.vacalia.com\/blog\/wp-json\/wp\/v2\/media?parent=7224"}],"wp:term":[{"taxonomy":"category","embeddable":true,"href":"https:\/\/www.vacalia.com\/blog\/wp-json\/wp\/v2\/categories?post=7224"},{"taxonomy":"post_tag","embeddable":true,"href":"https:\/\/www.vacalia.com\/blog\/wp-json\/wp\/v2\/tags?post=7224"}],"curies":[{"name":"wp","href":"https:\/\/api.w.org\/{rel}","templated":true}]}}