{"id":7232,"date":"2025-05-30T10:04:14","date_gmt":"2025-05-30T08:04:14","guid":{"rendered":"https:\/\/www.vacalia.com\/blog\/?p=7232"},"modified":"2025-07-08T09:08:24","modified_gmt":"2025-07-08T07:08:24","slug":"san-juan-malaga-reisefuhrer-geniessen-sie-eine-magische-nacht","status":"publish","type":"post","link":"https:\/\/www.vacalia.com\/blog\/san-juan-malaga-reisefuhrer-geniessen-sie-eine-magische-nacht\/","title":{"rendered":"San Juan in M\u00e1laga: der endg\u00fcltige Leitfaden f\u00fcr die magischste Nacht des Jahres"},"content":{"rendered":"\n<p>In <strong><a href=\"https:\/\/www.vacalia.com\/de\/malaga-urlaub\" target=\"_blank\" rel=\"noreferrer noopener\">M\u00e1laga<\/a><\/strong> erh\u00e4lt diese einzigartige Nacht des Jahres eine ganz besondere Dimension. Das Meer, die Berge, die die Stadt umarmen, und das privilegierte Klima der Costa del Sol bilden den perfekten Rahmen f\u00fcr eine Tradition, die seit Jahrhunderten Bestand hat. Hier sind Feuer, Wasser und Musik nicht einfach nur Elemente einer Fiesta, sondern die Protagonisten eines uralten Rituals.<\/p>\n\n\n\n<p>Die Noche de San Juan hat ihre Wurzeln in heidnischen Zeremonien zur Sommersonnenwende, als unsere Vorfahren den Triumph des Lichts \u00fcber die Dunkelheit feierten. Mit der Ankunft des Christentums wurden diese Traditionen an die christlichen Feste angepasst, wodurch eine einzigartige Mischung von Glaubensrichtungen entstand, die sich zu einem der beliebtesten Feste an der Costa del Sol entwickelt hat.<\/p>\n\n\n\n<p>In M\u00e1laga hat diese kulturelle Verschmelzung zu einem Fest gef\u00fchrt, bei dem das Heilige und das Profane in perfekter Harmonie nebeneinander bestehen.<\/p>\n\n\n<div class=\"wp-block-image\">\n<figure class=\"aligncenter size-full\"><img fetchpriority=\"high\" decoding=\"async\" width=\"659\" height=\"295\" src=\"https:\/\/www.vacalia.com\/blog\/wp-content\/uploads\/2025\/05\/hogueras-san-juan-malaga.jpg\" alt=\"Johannisfeuer in M\u00e1laga\" class=\"wp-image-7227\" srcset=\"https:\/\/www.vacalia.com\/blog\/wp-content\/uploads\/2025\/05\/hogueras-san-juan-malaga.jpg 659w, https:\/\/www.vacalia.com\/blog\/wp-content\/uploads\/2025\/05\/hogueras-san-juan-malaga-300x134.jpg 300w, https:\/\/www.vacalia.com\/blog\/wp-content\/uploads\/2025\/05\/hogueras-san-juan-malaga-370x166.jpg 370w\" sizes=\"(max-width: 767px) 100vw, 659px\" \/><figcaption class=\"wp-element-caption\">Johannisfeuer in M\u00e1laga<\/figcaption><\/figure><\/div>\n\n\n<h2 class=\"wp-block-heading has-medium-font-size\"><strong>Die Str\u00e4nde: Epizentrum der Feierlichkeiten<\/strong><\/h2>\n\n\n\n<p>Jedes Jahr zu Beginn des Sommers, wenn die N\u00e4chte warm werden und das Meer seine angenehmste Temperatur erreicht, verwandeln sich die Str\u00e4nde von M\u00e1laga in echte Festszenen. Die ganze Stadt wendet sich dem Meer zu und verwandelt den K\u00fcstenstreifen in das pulsierende Herz des Festes.<\/p>\n\n\n\n<p><strong><a href=\"https:\/\/www.vacalia.com\/de\/playa-de-la-malagueta-malaga-p824\" target=\"_blank\" rel=\"noreferrer noopener\">La Malagueta<\/a><\/strong>, der symboltr\u00e4chtigste Strand der Hauptstadt, verwandelt sich in einen Hort der Aktivit\u00e4t. Seine Gr\u00f6\u00dfe und die N\u00e4he zum historischen Zentrum machen ihn zu einem beliebten Treffpunkt f\u00fcr Tausende von Menschen. Hier reihen sich zahlreiche Lagerfeuer aneinander und bilden eine beeindruckende Lichterlandschaft.<\/p>\n\n\n\n<p><strong>In El Palo <\/strong>herrscht eine eher traditionelle, famili\u00e4re Atmosph\u00e4re, in der sich die Einheimischen wie seit Generationen treffen. Die Familien breiten ihre Decken auf dem Sand aus und teilen sich hausgemachte Speisen, w\u00e4hrend die Kinder unter den wachsamen Augen der Gro\u00dfeltern um die Lagerfeuer herumlaufen und in Erinnerungen an San Juanes Vergangenheit schwelgen.<\/p>\n\n\n\n<p><strong>Pedregalejo <\/strong>mit seiner eher unkonventionellen Atmosph\u00e4re und den traditionellen Strandbars zieht diejenigen an, die ein entspannteres, aber ebenso authentisches Fest suchen. Hier spielen die Gitarren bis zum Morgengrauen und es ist nicht ungew\u00f6hnlich, Malague\u00f1os barfu\u00df im Sand tanzen zu sehen.<\/p>\n\n\n\n<p><strong>Huelin <\/strong>bietet ein familienfreundlicheres Erlebnis, perfekt f\u00fcr diejenigen, die San Juan zum ersten Mal feiern. Wenn Sie <strong>San Juan in M\u00e1laga mit Kindern feiern <\/strong>m\u00f6chten, ist Huelin der ideale Strand: weniger Menschenmassen und ein ausgewiesener Bereich f\u00fcr sichere Lagerfeuer.<\/p>\n\n\n\n<h2 class=\"wp-block-heading has-medium-font-size\"><strong>Rituale, die Jahr f\u00fcr Jahr wiederholt werden<\/strong><\/h2>\n\n\n\n<p>Die Rituale von San Juan sind die Seele dieses Festes, symbolisch aufgeladene Zeremonien, die praktisch unber\u00fchrt geblieben sind und von Generation zu Generation als unbezahlbarer Kulturschatz weitergegeben werden.<\/p>\n\n\n\n<p>Der Bau und die Verbrennung der \u00abj\u00faas\u00bb ist das spektakul\u00e4rste Ritual. Diese aus alten Lumpen, Pappe und recycelten Materialien hergestellten Figuren stellen umstrittene Pers\u00f6nlichkeiten des \u00f6ffentlichen Lebens dar oder symbolisieren den Wunsch nach Erneuerung. Sie in den Feuern verbrennen zu sehen, ist ein Spektakel, das es jedem Einzelnen erm\u00f6glicht, das Negative symbolisch loszulassen.<\/p>\n\n\n<div class=\"wp-block-image\">\n<figure class=\"aligncenter size-full\"><img decoding=\"async\" width=\"659\" height=\"295\" src=\"https:\/\/www.vacalia.com\/blog\/wp-content\/uploads\/2025\/05\/juas-san-juan-malaga.jpg\" alt=\"Ritual der \u201eJ\u00faas\u201c in M\u00e1laga\" class=\"wp-image-7226\" srcset=\"https:\/\/www.vacalia.com\/blog\/wp-content\/uploads\/2025\/05\/juas-san-juan-malaga.jpg 659w, https:\/\/www.vacalia.com\/blog\/wp-content\/uploads\/2025\/05\/juas-san-juan-malaga-300x134.jpg 300w, https:\/\/www.vacalia.com\/blog\/wp-content\/uploads\/2025\/05\/juas-san-juan-malaga-370x166.jpg 370w\" sizes=\"(max-width: 767px) 100vw, 659px\" \/><figcaption class=\"wp-element-caption\">Ritual der \u201eJ\u00faas\u201c in M\u00e1laga<\/figcaption><\/figure><\/div>\n\n\n<p>Das Springen \u00fcber die Lagerfeuer erfordert Geschick und Vorsicht. Es hei\u00dft, dass derjenige, der es schafft, \u00fcber sieben verschiedene Lagerfeuer zu springen, ohne sich zu verbrennen, ein erfolgreiches und krankheitsfreies Jahr haben wird. Dieser Akt hat eine tiefe Bedeutung: Es ist das buchst\u00e4bliche und symbolische \u00dcberschreiten des reinigenden Feuers.<\/p>\n\n\n\n<p>Das mittern\u00e4chtliche Bad im Meer ist ein sehr intimes und pers\u00f6nliches Ritual. Wenn die Glocken den neuen Tag ank\u00fcndigen, tauchen Hunderte von Menschen in die Gew\u00e4sser des Mittelmeers, um die Segnungen zu empfangen, die Gesundheit und Gl\u00fcck versprechen.<\/p>\n\n\n\n<p>Indem man W\u00fcnsche auf Papier schreibt und ins Feuer wirft, kann jeder seine intimsten W\u00fcnsche an das Universum richten. Wenn man sieht, wie die Flammen diese Papiere verzehren, kann man dar\u00fcber nachdenken, wie unsere Ziele in den Himmel aufsteigen.<\/p>\n\n\n\n<h2 class=\"wp-block-heading has-medium-font-size\"><strong>Das Volksfest: Musik, Gastronomie und Heiterkeit<\/strong><\/h2>\n\n\n\n<p>Musik, Feuerwerk und typische Speisen sind die unbestrittenen Protagonisten, die den festlichen Charakter dieser besonderen Nacht pr\u00e4gen. Die Musik flie\u00dft ganz nat\u00fcrlich am Strand entlang, von Flamenco-Akkorden bis hin zu Volksliedern, und schafft einen spontanen Soundtrack, der das multikulturelle Wesen der Stadt widerspiegelt.<\/p>\n\n\n\n<p>Feuerwerke erhellen den Nachthimmel und spiegeln sich spektakul\u00e4r im Meer. Aber wenn es etwas gibt, das die Noche de San Juan in M\u00e1laga gastronomisch definiert, dann sind es Sardinen am Spie\u00df. Der Duft von \u00fcber Holzglut gebratenem Fisch durchzieht die gesamte K\u00fcste, regt den Appetit an und erinnert uns daran, dass es sich um ein volkst\u00fcmliches und lokales Fest handelt.<\/p>\n\n\n<div class=\"wp-block-image\">\n<figure class=\"aligncenter size-full\"><img decoding=\"async\" width=\"659\" height=\"295\" src=\"https:\/\/www.vacalia.com\/blog\/wp-content\/uploads\/2025\/05\/espetos-hogueras-san-juan-malaga.jpg\" alt=\"Sardinen am Spie\u00df in Malaga\" class=\"wp-image-7225\" srcset=\"https:\/\/www.vacalia.com\/blog\/wp-content\/uploads\/2025\/05\/espetos-hogueras-san-juan-malaga.jpg 659w, https:\/\/www.vacalia.com\/blog\/wp-content\/uploads\/2025\/05\/espetos-hogueras-san-juan-malaga-300x134.jpg 300w, https:\/\/www.vacalia.com\/blog\/wp-content\/uploads\/2025\/05\/espetos-hogueras-san-juan-malaga-370x166.jpg 370w\" sizes=\"(max-width: 767px) 100vw, 659px\" \/><figcaption class=\"wp-element-caption\">Sardinen am Spie\u00df in Malaga<\/figcaption><\/figure><\/div>\n\n\n<p>Sowohl Einheimische als auch Besucher nehmen an diesem gro\u00dfen gemeinsamen Picknick teil. Familien aus M\u00e1laga kommen mit K\u00fchltaschen voller Tortilla de Patatas, Gazpacho, Enzaladilla Rusa und hausgemachten Tapas, um sie mit Familie und Freunden zu teilen.&nbsp;<\/p>\n\n\n\n<p>Die Atmosph\u00e4re ist wirklich famili\u00e4r, fr\u00f6hlich und sehr malague\u00f1o.<\/p>\n\n\n\n<h2 class=\"wp-block-heading has-medium-font-size\"><strong>Wie man ihn wie ein Malague\u00f1o genie\u00dft<\/strong><\/h2>\n\n\n\n<p>Um San Juan wie ein echter Malague\u00f1o zu erleben, ist es wichtig, fr\u00fch zu kommen, um einen guten Platz zu bekommen. Die besten Pl\u00e4tze sind ab dem sp\u00e4ten Nachmittag besetzt. Die Wahl eines Standorts in Meeresn\u00e4he und mit leichtem Zugang zu den Strandbars kann den Unterschied ausmachen.<\/p>\n\n\n\n<p>Bequeme Kleidung ist unverzichtbar: Baumwollkleidung, die nicht mit Sand oder Rauch in Ber\u00fchrung kommen darf. Ein Handtuch oder ein Strandlaken ist ein Muss zum Sitzen und f\u00fcr das mittern\u00e4chtliche Schwimmen. Was das geeignete Schuhwerk angeht, so sind Sandalen, die sich leicht ausziehen lassen, am praktischsten.<\/p>\n\n\n\n<p>Aber das Wichtigste ist, dass man sich unvoreingenommen auf die Rituale einl\u00e4sst: einen Wunsch aufschreiben, versuchen, \u00fcber ein Lagerfeuer zu springen, sich um Mitternacht die F\u00fc\u00dfe nass machen. San Juan belohnt diejenigen, die sich trauen, daran teilzunehmen und sich von der Magie des Augenblicks mitrei\u00dfen zu lassen.<\/p>\n\n\n\n<p>Es liegt in der Verantwortung eines jeden, die nat\u00fcrliche Umwelt und die lokalen Regeln zu respektieren. In den letzten Jahren hat die Stadtverwaltung ein nachhaltigeres San Juan mit Sensibilisierungskampagnen f\u00fcr Sauberkeit und die Verwendung von recycelbaren Materialien gef\u00f6rdert. Nach Angaben des Rathauses wurden im Jahr 2023 15 Tonnen Feuerwerksabf\u00e4lle gesammelt, ein Beweis f\u00fcr das Ausma\u00df eines Festes, das mehr als 50.000 Menschen an die K\u00fcste lockt.<\/p>\n\n\n\n<h2 class=\"wp-block-heading has-medium-font-size\"><strong>Optionen f\u00fcr alle Geschm\u00e4cker<\/strong><\/h2>\n\n\n\n<p>San Juan in M\u00e1laga passt sich den verschiedenen Arten des Feierns an. Die Chiringuitos veranstalten besondere Abendessen, die die lokale Gastronomie mit der magischen Atmosph\u00e4re verbinden und speziell f\u00fcr diese Nacht entwickelte Men\u00fcs anbieten.<\/p>\n\n\n\n<p>Andere bevorzugen intimere Zusammenk\u00fcnfte mit Freunden in ruhigen Gegenden und schaffen sich so ihren eigenen Raum zum Feiern. Ein Spaziergang am Meer ist eine kontemplative Erfahrung, bei der man barfu\u00df l\u00e4uft und die Lagerfeuer aus der Ferne beobachtet.<\/p>\n\n\n\n<p>F\u00fcr Familien mit Kindern gibt es ruhigere Bereiche, an denen die Kleinen sicher teilnehmen k\u00f6nnen. Abenteuerlustige k\u00f6nnen in der gleichen Nacht verschiedene Str\u00e4nde erkunden und erleben, wie jeder Bereich seine eigene Pers\u00f6nlichkeit hat.<\/p>\n\n\n\n<h2 class=\"wp-block-heading has-medium-font-size\"><strong>San Juan, nach einer Nacht<\/strong><\/h2>\n\n\n\n<p>Wenn das erste Licht der Morgend\u00e4mmerung \u00fcber den Horizont dringt und die letzte Glut erloschen ist, hinterl\u00e4sst San Juan etwas viel Tiefgr\u00fcndigeres als die \u00dcberreste eines Festes. Dieses Fest geht \u00fcber seinen vor\u00fcbergehenden Charakter hinaus und wird zu einer Nacht der Transformation, der Verbindung mit der Gemeinschaft.<\/p>\n\n\n<div class=\"wp-block-image\">\n<figure class=\"aligncenter size-full\"><img loading=\"lazy\" decoding=\"async\" width=\"659\" height=\"295\" src=\"https:\/\/www.vacalia.com\/blog\/wp-content\/uploads\/2025\/05\/hoguera-san-juan-malaga.jpg\" alt=\"Johannisfeuer in M\u00e1laga\" class=\"wp-image-7228\" srcset=\"https:\/\/www.vacalia.com\/blog\/wp-content\/uploads\/2025\/05\/hoguera-san-juan-malaga.jpg 659w, https:\/\/www.vacalia.com\/blog\/wp-content\/uploads\/2025\/05\/hoguera-san-juan-malaga-300x134.jpg 300w, https:\/\/www.vacalia.com\/blog\/wp-content\/uploads\/2025\/05\/hoguera-san-juan-malaga-370x166.jpg 370w\" sizes=\"(max-width: 767px) 100vw, 659px\" \/><figcaption class=\"wp-element-caption\">Johannisfeuer in M\u00e1laga<\/figcaption><\/figure><\/div>\n\n\n<p>In diesen magischen Stunden erlauben sich die Menschen zu tr\u00e4umen, wagen Ver\u00e4nderungen und finden die Kraft, sich neuen Herausforderungen zu stellen. Die Verbindung mit Feuer, Wasser, Luft und Erde lehrt uns \u00fcber Reinigung, Wiedergeburt und Transzendenz.<\/p>\n\n\n\n<p>Der wertvollste Aspekt ist jedoch seine F\u00e4higkeit, eine Verbindung zur Gemeinschaft herzustellen. Die Besucher werden als Teil der gro\u00dfen Malaga-Familie willkommen gehei\u00dfen. Diese Nacht lehrt, dass der wahre Reichtum im Teilen einzigartiger Momente liegt.<\/p>\n\n\n\n<p>San Juan in M\u00e1laga ist nicht nur ein Fest: Es ist eine Art, den Sommer, das Leben im Freien und die gemeinsame Freude zu verstehen. Es ist der Beweis daf\u00fcr, dass sich das Gl\u00fcck vervielfacht, wenn es geteilt wird, und dass Traditionen in der Gemeinschaft einen Sinn haben.<\/p>\n\n\n<div class=\"bannerBlog\"><div class=\"new-card-houses\">\n    <div class=\"likeOut likeDivOut\" style=\"display:none\">\n        <a data-id=\"3763\" class=\"likeOut_button_red likeBtnFav\"\n            aria-label=\"Megusta Vacalia\"><\/a>\n    <\/div>\n    <figure>\n        <img loading=\"lazy\" decoding=\"async\" \n            loading=\"lazy\" width=\"301\" height=\"200\"\n            src=\"\/\/media.vacalia.com\/photo\/reformatwebpfolder\/350\/200\/3763\/thumb-middle\/3763_af04cefafa60ef9d8449b74d5ff76cb9.webp?v=21092023\"\n            alt=\"Villa la tuna - Ferienhaus auf Benalm\u00e1dena\"\/>\n                                                                        <div class=\"circleDiscount\">-24%<\/div>\n                        <\/figure>\n    <p itemprop=\"address\"><i class=\"ico-marker\"><\/i>Benalm\u00e1dena, M\u00e1laga<\/p>\n    <h3 itemprop=\"name\">Villa la tuna<\/h3>\n    <ul class=\"icon_list inline_list\">\n                              <li class=\"ico-pool\" title=\"Pool\">\n              <span itemprop=\"amenityFeature\">Pool<\/span>\n            <\/li>\n                      <li class=\"ico-airConditioning\" title=\"Klimaanlage\">\n              <span itemprop=\"amenityFeature\">Klimaanlage<\/span>\n            <\/li>\n                      <li class=\"ico-wifi\" title=\"Wifi\">\n              <span itemprop=\"amenityFeature\">Wifi<\/span>\n            <\/li>\n                      <li class=\"ico-views\" title=\"Ausblick\">\n              <span itemprop=\"amenityFeature\">Ausblick<\/span>\n            <\/li>\n                          <li class=\"ico-guests\" title=\"F\u00fcr 8 G\u00e4ste in Benalm\u00e1dena.\">\n          <span itemprop=\"occupancy\">8<\/span>\n        <\/li>\n    <\/ul>\n            <span class=\"price\">Ab 209\u20ac \/ Nacht<\/span>\n                <a itemprop=\"url\" class=\"anchor\" href=\"https:\/\/www.vacalia.com\/de\/villa-villa-la-tuna-benalmadena-h24950\" aria-label=\"Villa la tuna\"><\/a>\n<\/div><div class=\"new-card-houses\">\n    <div class=\"likeOut likeDivOut\" style=\"display:none\">\n        <a data-id=\"3946\" class=\"likeOut_button_red likeBtnFav\"\n            aria-label=\"Megusta Vacalia\"><\/a>\n    <\/div>\n    <figure>\n        <img loading=\"lazy\" decoding=\"async\" \n            loading=\"lazy\" width=\"301\" height=\"200\"\n            src=\"\/\/media.vacalia.com\/photo\/reformatwebpfolder\/350\/200\/3946\/thumb-middle\/3946_bd1ae11f7436ac766a175fc26cb6c02d.webp?v=21092023\"\n            alt=\"El morche - Ferienhaus auf El Morche\"\/>\n                                                                        <div class=\"circleDiscount\">-6%<\/div>\n                        <\/figure>\n    <p itemprop=\"address\"><i class=\"ico-marker\"><\/i>El Morche, M\u00e1laga<\/p>\n    <h3 itemprop=\"name\">El morche<\/h3>\n    <ul class=\"icon_list inline_list\">\n                              <li class=\"ico-pool\" title=\"Pool\">\n              <span itemprop=\"amenityFeature\">Pool<\/span>\n            <\/li>\n                      <li class=\"ico-airConditioning\" title=\"Klimaanlage\">\n              <span itemprop=\"amenityFeature\">Klimaanlage<\/span>\n            <\/li>\n                      <li class=\"ico-wifi\" title=\"Wifi\">\n              <span itemprop=\"amenityFeature\">Wifi<\/span>\n            <\/li>\n                      <li class=\"ico-views\" title=\"Ausblick\">\n              <span itemprop=\"amenityFeature\">Ausblick<\/span>\n            <\/li>\n                          <li class=\"ico-guests\" title=\"F\u00fcr 2+2   G\u00e4ste in El Morche.\">\n          <span itemprop=\"occupancy\">2+2  <\/span>\n        <\/li>\n    <\/ul>\n            <span class=\"price\">Ab 77\u20ac \/ Nacht<\/span>\n                <a itemprop=\"url\" class=\"anchor\" href=\"https:\/\/www.vacalia.com\/de\/apartment-el-morche-torrox-h25342\" aria-label=\"El morche\"><\/a>\n<\/div><\/div>\n","protected":false},"excerpt":{"rendered":"<p>In M\u00e1laga erh\u00e4lt diese einzigartige Nacht des Jahres eine ganz besondere Dimension. Das Meer, die Berge, die die Stadt umarmen, und das privilegierte Klima der Costa del Sol bilden den&hellip;<\/p>\n","protected":false},"author":1,"featured_media":7228,"comment_status":"closed","ping_status":"open","sticky":false,"template":"","format":"standard","meta":{"_monsterinsights_skip_tracking":false,"_monsterinsights_sitenote_active":false,"_monsterinsights_sitenote_note":"","_monsterinsights_sitenote_category":0,"footnotes":""},"categories":[547,40,569,599],"tags":[],"class_list":["post-7232","post","type-post","status-publish","format-standard","has-post-thumbnail","hentry","category-malaga-de","category-allgemein","category-feste-und-traditionen-von-malaga","category-was-kann-man-in-malaga-tun-de"],"_links":{"self":[{"href":"https:\/\/www.vacalia.com\/blog\/wp-json\/wp\/v2\/posts\/7232"}],"collection":[{"href":"https:\/\/www.vacalia.com\/blog\/wp-json\/wp\/v2\/posts"}],"about":[{"href":"https:\/\/www.vacalia.com\/blog\/wp-json\/wp\/v2\/types\/post"}],"author":[{"embeddable":true,"href":"https:\/\/www.vacalia.com\/blog\/wp-json\/wp\/v2\/users\/1"}],"replies":[{"embeddable":true,"href":"https:\/\/www.vacalia.com\/blog\/wp-json\/wp\/v2\/comments?post=7232"}],"version-history":[{"count":2,"href":"https:\/\/www.vacalia.com\/blog\/wp-json\/wp\/v2\/posts\/7232\/revisions"}],"predecessor-version":[{"id":7493,"href":"https:\/\/www.vacalia.com\/blog\/wp-json\/wp\/v2\/posts\/7232\/revisions\/7493"}],"wp:featuredmedia":[{"embeddable":true,"href":"https:\/\/www.vacalia.com\/blog\/wp-json\/wp\/v2\/media\/7228"}],"wp:attachment":[{"href":"https:\/\/www.vacalia.com\/blog\/wp-json\/wp\/v2\/media?parent=7232"}],"wp:term":[{"taxonomy":"category","embeddable":true,"href":"https:\/\/www.vacalia.com\/blog\/wp-json\/wp\/v2\/categories?post=7232"},{"taxonomy":"post_tag","embeddable":true,"href":"https:\/\/www.vacalia.com\/blog\/wp-json\/wp\/v2\/tags?post=7232"}],"curies":[{"name":"wp","href":"https:\/\/api.w.org\/{rel}","templated":true}]}}