{"id":762,"date":"2017-10-10T14:25:24","date_gmt":"2017-10-10T14:25:24","guid":{"rendered":"https:\/\/www.vacalia.com\/blog\/?p=762"},"modified":"2024-02-14T11:31:13","modified_gmt":"2024-02-14T10:31:13","slug":"encuentra-la-finca-perfecta-en-mallorca","status":"publish","type":"post","link":"https:\/\/www.vacalia.com\/blog\/es\/encuentra-la-finca-perfecta-en-mallorca\/","title":{"rendered":"Encuentra la finca perfecta en Mallorca"},"content":{"rendered":"<p>En Vacalia tenemos las mejores fincas de Mallorca y Costa Blanca, no porque sean las m\u00e1s lujosas o las m\u00e1s grandes, sino porque nos sabemos adaptar a cada cliente ofreci\u00e9ndole todo aquello que requiere.<\/p>\n<p><a href=\"https:\/\/www.vacalia.com\"><img fetchpriority=\"high\" decoding=\"async\" class=\"alignnone size-full wp-image-765\" src=\"https:\/\/www.vacalia.com\/blog\/wp-content\/uploads\/2017\/10\/Encuentra-la-finca-perfecta-en-Mallorca-1.png\" alt=\"Encuentra la finca perfecta en Mallorca\" width=\"1200\" height=\"500\" srcset=\"https:\/\/www.vacalia.com\/blog\/wp-content\/uploads\/2017\/10\/Encuentra-la-finca-perfecta-en-Mallorca-1.png 1200w, https:\/\/www.vacalia.com\/blog\/wp-content\/uploads\/2017\/10\/Encuentra-la-finca-perfecta-en-Mallorca-1-300x125.png 300w, https:\/\/www.vacalia.com\/blog\/wp-content\/uploads\/2017\/10\/Encuentra-la-finca-perfecta-en-Mallorca-1-768x320.png 768w, https:\/\/www.vacalia.com\/blog\/wp-content\/uploads\/2017\/10\/Encuentra-la-finca-perfecta-en-Mallorca-1-1024x427.png 1024w, https:\/\/www.vacalia.com\/blog\/wp-content\/uploads\/2017\/10\/Encuentra-la-finca-perfecta-en-Mallorca-1-1050x438.png 1050w\" sizes=\"(max-width: 1200px) 100vw, 1200px\" \/><\/a><\/p>\n<p><!--more--><br \/>\nPuede que una villa sea muy grande y tenga jacuzzi, pero en el caso de que viajaras con 6 ni\u00f1os \u00bfno ser\u00eda mejor que la casa tuviera zona de juegos fuera?<br \/>\nO si s\u00f3is una pareja que decide hacer una escapada a la isla, tambi\u00e9n seguro que prefer\u00eds una villa \u00edntima con todas las comodidades (aqu\u00ed seguro que el jacuzzi encaja, \u00bfverdad?).<\/p>\n<p>A eso nos referimos. Tenemos miles de fincas y cada una de ellas est\u00e1 hecha para un tipo de visitante, as\u00ed que no os preocupeis, si busc\u00e1is una finca, Mallorca la tiene. En este post queremos presentaros una selecci\u00f3n que hemos creado en funci\u00f3n de que tipo de viajero seais:<\/p>\n<h2 class=\"post-item__subtitle\">Bonviure es la finca perfecta en Mallorca para parejas<\/h2>\n<p>Bonviure es una preciosa casa con encanto para dos personas que buscan tranquilidad y desconexi\u00f3n. Sabemos que hay d\u00edas o \u00e9pocas (pedida de mano, luna de miel o una simple escapada) en la que no busc\u00e1is nada m\u00e1s que un rinc\u00f3n donde poder estar solos y observar como el mundo gira alrededor. Una de las mejores cosas que tiene Mallorca es ese poder de dar paz a quien la busque, y a vosotros, parejas, seguro que os enamora.<\/p>\n<p><a href=\"https:\/\/www.vacalia.com\/es\/villa-bon-viure-andratx-h17471\"><img decoding=\"async\" class=\"alignnone size-full wp-image-769\" src=\"https:\/\/www.vacalia.com\/blog\/wp-content\/uploads\/2017\/10\/2071_9add82cbf2478839b1fbab40e9da4221.jpg\" alt=\"Encuentra la finca perfecta en Mallorca\" width=\"4200\" height=\"2803\" srcset=\"https:\/\/www.vacalia.com\/blog\/wp-content\/uploads\/2017\/10\/2071_9add82cbf2478839b1fbab40e9da4221.jpg 4200w, https:\/\/www.vacalia.com\/blog\/wp-content\/uploads\/2017\/10\/2071_9add82cbf2478839b1fbab40e9da4221-300x200.jpg 300w, https:\/\/www.vacalia.com\/blog\/wp-content\/uploads\/2017\/10\/2071_9add82cbf2478839b1fbab40e9da4221-768x513.jpg 768w, https:\/\/www.vacalia.com\/blog\/wp-content\/uploads\/2017\/10\/2071_9add82cbf2478839b1fbab40e9da4221-1024x683.jpg 1024w, https:\/\/www.vacalia.com\/blog\/wp-content\/uploads\/2017\/10\/2071_9add82cbf2478839b1fbab40e9da4221-1050x701.jpg 1050w, https:\/\/www.vacalia.com\/blog\/wp-content\/uploads\/2017\/10\/2071_9add82cbf2478839b1fbab40e9da4221-1600x1068.jpg 1600w\" sizes=\"(max-width: 4200px) 100vw, 4200px\" \/><\/a><\/p>\n<p>Bonviure es una combinaci\u00f3n entre elegancia y tradici\u00f3n. En su exterior encontrar\u00e9is una preciosa piscina de dise\u00f1o donde refrescaros mirando al precioso pueblo de Andratx y las monta\u00f1as que lo rodean. AL salir de la piscina podr\u00e9is hacer una barbacoa en su adorable terraza de grava. Seguro que podr\u00e9is hablar durante horas y no os dar\u00e9is ni cuenta gracias a sus preciosas vistas.<\/p>\n<p><a href=\"https:\/\/www.vacalia.com\/es\/villa-bon-viure-andratx-h17471\"><img decoding=\"async\" class=\"alignnone size-full wp-image-768\" src=\"https:\/\/www.vacalia.com\/blog\/wp-content\/uploads\/2017\/10\/2071_0343a070e2fd749e83d8b4e30556dc7c.jpg\" alt=\"Encuentra la finca perfecta en Mallorca\" width=\"4200\" height=\"2803\" srcset=\"https:\/\/www.vacalia.com\/blog\/wp-content\/uploads\/2017\/10\/2071_0343a070e2fd749e83d8b4e30556dc7c.jpg 4200w, https:\/\/www.vacalia.com\/blog\/wp-content\/uploads\/2017\/10\/2071_0343a070e2fd749e83d8b4e30556dc7c-300x200.jpg 300w, https:\/\/www.vacalia.com\/blog\/wp-content\/uploads\/2017\/10\/2071_0343a070e2fd749e83d8b4e30556dc7c-768x513.jpg 768w, https:\/\/www.vacalia.com\/blog\/wp-content\/uploads\/2017\/10\/2071_0343a070e2fd749e83d8b4e30556dc7c-1024x683.jpg 1024w, https:\/\/www.vacalia.com\/blog\/wp-content\/uploads\/2017\/10\/2071_0343a070e2fd749e83d8b4e30556dc7c-1050x701.jpg 1050w, https:\/\/www.vacalia.com\/blog\/wp-content\/uploads\/2017\/10\/2071_0343a070e2fd749e83d8b4e30556dc7c-1600x1068.jpg 1600w\" sizes=\"(max-width: 4200px) 100vw, 4200px\" \/><\/a><\/p>\n<p>Una vez dentro podr\u00e9is disfrutar de un aut\u00e9ntico hogar con un refinado sal\u00f3n, una cocina totalmente equipada, aseo y lavander\u00eda. A parte tambi\u00e9n hay una coqueta habitaci\u00f3n con cama de matrimonio y un ba\u00f1o con ducha, as\u00ed como una peque\u00f1a sala con sof\u00e1-cama doble.<\/p>\n<p>Esta casa es perfecta tambi\u00e9n para los amantes del senderismo y ciclismo. Al encontrarse en la Serra de Tramuntana podr\u00e9is disfrutar de la inmensidad de la principal cordillera mallorquina. Pueblos de cuento y bosques frondosos os rodear\u00e1n para hacer todav\u00eda m\u00e1s incre\u00edble vuestra experiencia en la isla.<\/p>\n<p><a href=\"https:\/\/www.vacalia.com\/es\/villa-bon-viure-andratx-h17471\"><img loading=\"lazy\" decoding=\"async\" class=\"alignnone size-full wp-image-767\" src=\"https:\/\/www.vacalia.com\/blog\/wp-content\/uploads\/2017\/10\/2071_85484cee3e16c23dc65d572aae8734eb.jpg\" alt=\"Encuentra la finca perfecta en Mallorca\" width=\"4200\" height=\"2803\" srcset=\"https:\/\/www.vacalia.com\/blog\/wp-content\/uploads\/2017\/10\/2071_85484cee3e16c23dc65d572aae8734eb.jpg 4200w, https:\/\/www.vacalia.com\/blog\/wp-content\/uploads\/2017\/10\/2071_85484cee3e16c23dc65d572aae8734eb-300x200.jpg 300w, https:\/\/www.vacalia.com\/blog\/wp-content\/uploads\/2017\/10\/2071_85484cee3e16c23dc65d572aae8734eb-768x513.jpg 768w, https:\/\/www.vacalia.com\/blog\/wp-content\/uploads\/2017\/10\/2071_85484cee3e16c23dc65d572aae8734eb-1024x683.jpg 1024w, https:\/\/www.vacalia.com\/blog\/wp-content\/uploads\/2017\/10\/2071_85484cee3e16c23dc65d572aae8734eb-1050x701.jpg 1050w, https:\/\/www.vacalia.com\/blog\/wp-content\/uploads\/2017\/10\/2071_85484cee3e16c23dc65d572aae8734eb-1600x1068.jpg 1600w\" sizes=\"(max-width: 4200px) 100vw, 4200px\" \/><\/a><\/p>\n<p>\u00a1Que disfrut\u00e9is de vuestro viaje \u00fanico!<\/p>\n<h2 class=\"post-item__subtitle\">Son vent es la finca perfecta en Mallorca para familias<\/h2>\n<p>Son Vent es el lugar que quer\u00e9is y necesit\u00e1is si visit\u00e1is Malloca en familia. Una finca grande y econ\u00f3mica con capacidad m\u00e1xima de 6 personas. Os podemos asegurar que tanto grandes como peque\u00f1os disfrutar\u00e9is de alojaros en esta maravilla familiar.<\/p>\n<p><img loading=\"lazy\" decoding=\"async\" class=\"alignnone size-full wp-image-775\" src=\"https:\/\/www.vacalia.com\/blog\/wp-content\/uploads\/2017\/10\/1112_6c1d75b09c398610789ffd08e5ac389d.jpg\" alt=\"Encuentra la finca perfecta en Mallorca\" width=\"4000\" height=\"2667\" srcset=\"https:\/\/www.vacalia.com\/blog\/wp-content\/uploads\/2017\/10\/1112_6c1d75b09c398610789ffd08e5ac389d.jpg 4000w, https:\/\/www.vacalia.com\/blog\/wp-content\/uploads\/2017\/10\/1112_6c1d75b09c398610789ffd08e5ac389d-300x200.jpg 300w, https:\/\/www.vacalia.com\/blog\/wp-content\/uploads\/2017\/10\/1112_6c1d75b09c398610789ffd08e5ac389d-768x512.jpg 768w, https:\/\/www.vacalia.com\/blog\/wp-content\/uploads\/2017\/10\/1112_6c1d75b09c398610789ffd08e5ac389d-1024x683.jpg 1024w, https:\/\/www.vacalia.com\/blog\/wp-content\/uploads\/2017\/10\/1112_6c1d75b09c398610789ffd08e5ac389d-1050x700.jpg 1050w, https:\/\/www.vacalia.com\/blog\/wp-content\/uploads\/2017\/10\/1112_6c1d75b09c398610789ffd08e5ac389d-1600x1067.jpg 1600w\" sizes=\"(max-width: 4000px) 100vw, 4000px\" \/><\/p>\n<p>Para empezar, solo decir que los exteriores son de ensue\u00f1o. Una inmensa piscina que tambi\u00e9n tiene jacuzzi servir\u00e1 para que los adultos se relajen mientras que los peque\u00f1os juegan sin perderlos de vista. Adem\u00e1s cuenta tambi\u00e9n con tumbonas y sombrillas donde poder descansar, c\u00e9sped y para los ni\u00f1os, un columpio y un tobog\u00e1n en los que seguro que jugar\u00e1n durante horas. Si quer\u00e9is disfrutar de una maravillosa cena al aire libre, seguro que os encantar\u00e1 su porche amueblado junto a la barbacoa. La privacidad de la finca es total de manera que \u00a1no tendr\u00e9is que preocuparos por oir o hacer ruido!<\/p>\n<p><a href=\"https:\/\/www.vacalia.com\/es\/villa-son-crestes-sa-pobla-h15797\"><img loading=\"lazy\" decoding=\"async\" class=\"alignnone size-full wp-image-774\" src=\"https:\/\/www.vacalia.com\/blog\/wp-content\/uploads\/2017\/10\/1112_d8b35e2d7b313472fad02c76982a7b25.jpg\" alt=\"Encuentra la finca perfecta en Mallorca\" width=\"4000\" height=\"2667\" srcset=\"https:\/\/www.vacalia.com\/blog\/wp-content\/uploads\/2017\/10\/1112_d8b35e2d7b313472fad02c76982a7b25.jpg 4000w, https:\/\/www.vacalia.com\/blog\/wp-content\/uploads\/2017\/10\/1112_d8b35e2d7b313472fad02c76982a7b25-300x200.jpg 300w, https:\/\/www.vacalia.com\/blog\/wp-content\/uploads\/2017\/10\/1112_d8b35e2d7b313472fad02c76982a7b25-768x512.jpg 768w, https:\/\/www.vacalia.com\/blog\/wp-content\/uploads\/2017\/10\/1112_d8b35e2d7b313472fad02c76982a7b25-1024x683.jpg 1024w, https:\/\/www.vacalia.com\/blog\/wp-content\/uploads\/2017\/10\/1112_d8b35e2d7b313472fad02c76982a7b25-1050x700.jpg 1050w, https:\/\/www.vacalia.com\/blog\/wp-content\/uploads\/2017\/10\/1112_d8b35e2d7b313472fad02c76982a7b25-1600x1067.jpg 1600w\" sizes=\"(max-width: 4000px) 100vw, 4000px\" \/><\/a><\/p>\n<p>Una vez dentro de la vivienda podr\u00e9is seguir observando las preciosas vistas del jard\u00edn y disfrutar de todas las comodidades que ofrece. \u00a1Seguro que os enamora!<\/p>\n<p>Este precioso chalet podr\u00e9is encontrarlo en Sa Pobla, uno de los pueblos m\u00e1s relevantes de la isla. Es un pueblo muy rural y con unos habitantes muy c\u00e1lidos que seguro que os encantan. Los domingos podr\u00e9is aprovechar e ir al mercado donde podr\u00e9is comprar las frutas y verduras que se cultivan en el mismo pueblo o en los pueblos de alrededor. Adem\u00e1s a tan solo 13km se encuentra en Puerto de Alcudia, Platja de Muro y Es Capellans, preciosas playas de fina arena dorada.<\/p>\n<p><a href=\"https:\/\/www.vacalia.com\/es\/villa-son-crestes-sa-pobla-h15797\"><img loading=\"lazy\" decoding=\"async\" class=\"alignnone size-full wp-image-773\" src=\"https:\/\/www.vacalia.com\/blog\/wp-content\/uploads\/2017\/10\/16-1-A1110QGM03.jpg\" alt=\"Encuentra la finca perfecta en Mallorca\" width=\"1024\" height=\"681\" srcset=\"https:\/\/www.vacalia.com\/blog\/wp-content\/uploads\/2017\/10\/16-1-A1110QGM03.jpg 1024w, https:\/\/www.vacalia.com\/blog\/wp-content\/uploads\/2017\/10\/16-1-A1110QGM03-300x200.jpg 300w, https:\/\/www.vacalia.com\/blog\/wp-content\/uploads\/2017\/10\/16-1-A1110QGM03-768x511.jpg 768w\" sizes=\"(max-width: 1024px) 100vw, 1024px\" \/><\/a><\/p>\n<p>\u00a1Os esperamos familia!<\/p>\n<h2 class=\"post-item__subtitle\">Son Not A es la finca perfecta en Mallorca para viajeros con animales<\/h2>\n<p>Un agroturismo es siempre ideal para aquellos viajeros que decidan ir acompa\u00f1ados de sus mascotas. En este id\u00edlico rinc\u00f3n de Mallorca podr\u00e1 disfrutar de alrededores repletos de bosques y campo, adem\u00e1s de una gran piscina compartida. El agroturismo es muy grande y hay much\u00edsimo espacio donde poder correr y dar vueltas, o simplemente sentarse con su mascota a descansar.<\/p>\n<p><a href=\"https:\/\/www.vacalia.com\/es\/apartamento-agroturismo-son-not-son-not-a-arta-h18104\"><img loading=\"lazy\" decoding=\"async\" class=\"alignnone size-full wp-image-779\" src=\"https:\/\/www.vacalia.com\/blog\/wp-content\/uploads\/2017\/10\/2392_50851b6c48240f59d57c9bd936f5bd02.jpg\" alt=\"Encuentra la finca perfecta en Mallorca\" width=\"4000\" height=\"2667\" srcset=\"https:\/\/www.vacalia.com\/blog\/wp-content\/uploads\/2017\/10\/2392_50851b6c48240f59d57c9bd936f5bd02.jpg 4000w, https:\/\/www.vacalia.com\/blog\/wp-content\/uploads\/2017\/10\/2392_50851b6c48240f59d57c9bd936f5bd02-300x200.jpg 300w, https:\/\/www.vacalia.com\/blog\/wp-content\/uploads\/2017\/10\/2392_50851b6c48240f59d57c9bd936f5bd02-768x512.jpg 768w, https:\/\/www.vacalia.com\/blog\/wp-content\/uploads\/2017\/10\/2392_50851b6c48240f59d57c9bd936f5bd02-1024x683.jpg 1024w, https:\/\/www.vacalia.com\/blog\/wp-content\/uploads\/2017\/10\/2392_50851b6c48240f59d57c9bd936f5bd02-1050x700.jpg 1050w, https:\/\/www.vacalia.com\/blog\/wp-content\/uploads\/2017\/10\/2392_50851b6c48240f59d57c9bd936f5bd02-1600x1067.jpg 1600w\" sizes=\"(max-width: 4000px) 100vw, 4000px\" \/><\/a><\/p>\n<p>El apartamento donde os alojar\u00e9is cuenta con todo tipo de comodidades que har\u00e1n que vuestra estancia y la de vuestra mascota sean especiales y \u00fanicas.<br \/>\nEl agroturismo Son Not se encuentra muy cerca del pueblo de Art\u00e1 donde encontrar\u00e1n todos los servicios que est\u00e9n buscando. Este encantador pueblo tiene cuenvas como las de Art\u00e1 y preciosas playas a tan solo 15km como las de Cala Mesquida.<\/p>\n<p><a href=\"https:\/\/www.vacalia.com\/es\/apartamento-agroturismo-son-not-son-not-a-arta-h18104\"><img loading=\"lazy\" decoding=\"async\" class=\"alignnone size-full wp-image-778\" src=\"https:\/\/www.vacalia.com\/blog\/wp-content\/uploads\/2017\/10\/2392_39ff73e46c2f7b994f50aaa1d1ceef42.jpg\" alt=\"Encuentra la finca perfecta en Mallorca\" width=\"4000\" height=\"2667\" srcset=\"https:\/\/www.vacalia.com\/blog\/wp-content\/uploads\/2017\/10\/2392_39ff73e46c2f7b994f50aaa1d1ceef42.jpg 4000w, https:\/\/www.vacalia.com\/blog\/wp-content\/uploads\/2017\/10\/2392_39ff73e46c2f7b994f50aaa1d1ceef42-300x200.jpg 300w, https:\/\/www.vacalia.com\/blog\/wp-content\/uploads\/2017\/10\/2392_39ff73e46c2f7b994f50aaa1d1ceef42-768x512.jpg 768w, https:\/\/www.vacalia.com\/blog\/wp-content\/uploads\/2017\/10\/2392_39ff73e46c2f7b994f50aaa1d1ceef42-1024x683.jpg 1024w, https:\/\/www.vacalia.com\/blog\/wp-content\/uploads\/2017\/10\/2392_39ff73e46c2f7b994f50aaa1d1ceef42-1050x700.jpg 1050w, https:\/\/www.vacalia.com\/blog\/wp-content\/uploads\/2017\/10\/2392_39ff73e46c2f7b994f50aaa1d1ceef42-1600x1067.jpg 1600w\" sizes=\"(max-width: 4000px) 100vw, 4000px\" \/><\/a><\/p>\n<p>En definitiva, un lugar perfecto donde poder ir con vuestro compa\u00f1ero. Os aseguramos espacio, risas \u00a1y mucha diversi\u00f3n!<\/p>\n<p><img loading=\"lazy\" decoding=\"async\" class=\"alignnone size-full wp-image-777\" src=\"https:\/\/www.vacalia.com\/blog\/wp-content\/uploads\/2017\/10\/2392_c667169895a35cb92aa76810e0318dda.jpg\" alt=\"https:\/\/www.vacalia.com\/es\/apartamento-agroturismo-son-not-son-not-a-arta-h18104\" width=\"4000\" height=\"2667\" srcset=\"https:\/\/www.vacalia.com\/blog\/wp-content\/uploads\/2017\/10\/2392_c667169895a35cb92aa76810e0318dda.jpg 4000w, https:\/\/www.vacalia.com\/blog\/wp-content\/uploads\/2017\/10\/2392_c667169895a35cb92aa76810e0318dda-300x200.jpg 300w, https:\/\/www.vacalia.com\/blog\/wp-content\/uploads\/2017\/10\/2392_c667169895a35cb92aa76810e0318dda-768x512.jpg 768w, https:\/\/www.vacalia.com\/blog\/wp-content\/uploads\/2017\/10\/2392_c667169895a35cb92aa76810e0318dda-1024x683.jpg 1024w, https:\/\/www.vacalia.com\/blog\/wp-content\/uploads\/2017\/10\/2392_c667169895a35cb92aa76810e0318dda-1050x700.jpg 1050w, https:\/\/www.vacalia.com\/blog\/wp-content\/uploads\/2017\/10\/2392_c667169895a35cb92aa76810e0318dda-1600x1067.jpg 1600w\" sizes=\"(max-width: 4000px) 100vw, 4000px\" \/><\/p>\n<h2 class=\"post-item__subtitle\">Escoge tu finca perfecta en Mallorca<\/h2>\n<p>Estas son solo algunas categor\u00edas por las que se podr\u00eda dividir la finca perfecta en Mallorca. \u00bfTodav\u00eda no has encontrado la tuya? No te preocupes. \u00a1Iremos proponiendo experiencias en funci\u00f3n de lo que busques!<br \/>\nSeguro que te encantan.<\/p>\n\n<div class=\"bannerBlog\"><div class=\"new-card-houses\">\n    <div class=\"likeOut likeDivOut\" style=\"display:none\">\n        <a data-id=\"4826\" class=\"likeOut_button_red likeBtnFav\"\n            aria-label=\"Megusta Vacalia\"><\/a>\n    <\/div>\n    <figure>\n        <img loading=\"lazy\" decoding=\"async\" \n            loading=\"lazy\" width=\"301\" height=\"200\"\n            src=\"\/\/media.vacalia.com\/photo\/reformatwebpfolder\/350\/200\/4826\/thumb-middle\/4826_8687c3abb592064a82ded7ab476a3812.webp?v=21092023\"\n            alt=\"L&#039;eresta - Alquiler vacacional en Port de Pollen\u00e7a\"\/>\n                                                                        <div class=\"circleDiscount\">-29%<\/div>\n                        <\/figure>\n    <p itemprop=\"address\"><i class=\"ico-marker\"><\/i>Port de Pollen\u00e7a, Mallorca<\/p>\n    <h3 itemprop=\"name\">L&#039;eresta<\/h3>\n    <ul class=\"icon_list inline_list\">\n                              <li class=\"ico-pool\" title=\"Piscina\">\n              <span itemprop=\"amenityFeature\">Piscina<\/span>\n            <\/li>\n                      <li class=\"ico-airConditioning\" title=\"Aire Acondicionado\">\n              <span itemprop=\"amenityFeature\">Aire Acondicionado<\/span>\n            <\/li>\n                      <li class=\"ico-wifi\" title=\"Wifi\">\n              <span itemprop=\"amenityFeature\">Wifi<\/span>\n            <\/li>\n                          <li class=\"ico-guests\" title=\"Para 10 hu\u00e9spedes en Port De Pollen\u00e7a.\">\n          <span itemprop=\"occupancy\">10<\/span>\n        <\/li>\n    <\/ul>\n            <span class=\"price\">Desde 227\u20ac \/ noche<\/span>\n                <a itemprop=\"url\" class=\"anchor\" href=\"https:\/\/www.vacalia.com\/es\/villa-leresta-pollenca-h27663\" aria-label=\"L&#039;eresta\"><\/a>\n<\/div><div class=\"new-card-houses\">\n    <div class=\"likeOut likeDivOut\" style=\"display:none\">\n        <a data-id=\"2968\" class=\"likeOut_button_red likeBtnFav\"\n            aria-label=\"Megusta Vacalia\"><\/a>\n    <\/div>\n    <figure>\n        <img loading=\"lazy\" decoding=\"async\" \n            loading=\"lazy\" width=\"301\" height=\"200\"\n            src=\"\/\/media.vacalia.com\/photo\/reformatwebpfolder\/350\/200\/2968\/thumb-middle\/2968_1eee2f1812b684f6a7f45355dc2b0d5b.webp?v=21092023\"\n            alt=\"S&#039;olivaret (alcudia) - Alquiler vacacional en Port d&#039;Alc\u00fadia\"\/>\n                                                                        <div class=\"circleDiscount\">-4%<\/div>\n                        <\/figure>\n    <p itemprop=\"address\"><i class=\"ico-marker\"><\/i>Port d&#039;Alc\u00fadia, Mallorca<\/p>\n    <h3 itemprop=\"name\">S&#039;olivaret (alcudia)<\/h3>\n    <ul class=\"icon_list inline_list\">\n                              <li class=\"ico-airConditioning\" title=\"Aire Acondicionado\">\n              <span itemprop=\"amenityFeature\">Aire Acondicionado<\/span>\n            <\/li>\n                      <li class=\"ico-wifi\" title=\"Wifi\">\n              <span itemprop=\"amenityFeature\">Wifi<\/span>\n            <\/li>\n                          <li class=\"ico-guests\" title=\"Para 8 hu\u00e9spedes en Port D&#039;alc\u00fadia.\">\n          <span itemprop=\"occupancy\">8<\/span>\n        <\/li>\n    <\/ul>\n            <span class=\"price\">Desde 171\u20ac \/ noche<\/span>\n                <a itemprop=\"url\" class=\"anchor\" href=\"https:\/\/www.vacalia.com\/es\/casa-vacacional-solivaret-alcudia-alcudia-h20069\" aria-label=\"S&#039;olivaret (alcudia)\"><\/a>\n<\/div><\/div>\n","protected":false},"excerpt":{"rendered":"<p>En Vacalia tenemos las mejores fincas de Mallorca y Costa Blanca, no porque sean las m\u00e1s lujosas o las m\u00e1s grandes, sino porque nos sabemos adaptar a cada cliente ofreci\u00e9ndole&hellip;<\/p>\n","protected":false},"author":2,"featured_media":0,"comment_status":"closed","ping_status":"open","sticky":false,"template":"","format":"standard","meta":{"_monsterinsights_skip_tracking":false,"_monsterinsights_sitenote_active":false,"_monsterinsights_sitenote_note":"","_monsterinsights_sitenote_category":0,"footnotes":""},"categories":[1],"tags":[],"class_list":["post-762","post","type-post","status-publish","format-standard","hentry","category-general-es"],"_links":{"self":[{"href":"https:\/\/www.vacalia.com\/blog\/wp-json\/wp\/v2\/posts\/762"}],"collection":[{"href":"https:\/\/www.vacalia.com\/blog\/wp-json\/wp\/v2\/posts"}],"about":[{"href":"https:\/\/www.vacalia.com\/blog\/wp-json\/wp\/v2\/types\/post"}],"author":[{"embeddable":true,"href":"https:\/\/www.vacalia.com\/blog\/wp-json\/wp\/v2\/users\/2"}],"replies":[{"embeddable":true,"href":"https:\/\/www.vacalia.com\/blog\/wp-json\/wp\/v2\/comments?post=762"}],"version-history":[{"count":9,"href":"https:\/\/www.vacalia.com\/blog\/wp-json\/wp\/v2\/posts\/762\/revisions"}],"predecessor-version":[{"id":4799,"href":"https:\/\/www.vacalia.com\/blog\/wp-json\/wp\/v2\/posts\/762\/revisions\/4799"}],"wp:attachment":[{"href":"https:\/\/www.vacalia.com\/blog\/wp-json\/wp\/v2\/media?parent=762"}],"wp:term":[{"taxonomy":"category","embeddable":true,"href":"https:\/\/www.vacalia.com\/blog\/wp-json\/wp\/v2\/categories?post=762"},{"taxonomy":"post_tag","embeddable":true,"href":"https:\/\/www.vacalia.com\/blog\/wp-json\/wp\/v2\/tags?post=762"}],"curies":[{"name":"wp","href":"https:\/\/api.w.org\/{rel}","templated":true}]}}