{"id":78,"date":"2017-01-11T10:56:08","date_gmt":"2017-01-11T10:56:08","guid":{"rendered":"https:\/\/www.vacalia.com\/blog\/?p=78"},"modified":"2024-02-14T11:44:15","modified_gmt":"2024-02-14T10:44:15","slug":"mallorca-en-invierno","status":"publish","type":"post","link":"https:\/\/www.vacalia.com\/blog\/es\/mallorca-en-invierno\/","title":{"rendered":"Mallorca en invierno | Qu\u00e9 ver en la isla cuando llega el fr\u00edo"},"content":{"rendered":"<p>Qu\u00e9 ver en Mallorca en Invierno.<\/p>\n<p>Mallorca es una isla paradis\u00edaca con un amplio ventanal de actividades, tanto de ocio como educativas, dirigidas a toda la familia y con las cuales podr\u00e9is descubrir rincones m\u00e1gicos que seguro que os dejar\u00e1n un grato recuerdo. Mallorca en invierno, primavera, verano y oto\u00f1o es, sin duda, una maravilla natural.<\/p>\n<p><a href=\"https:\/\/www.vacalia.com\" target=\"_blank\" rel=\"noopener noreferrer\"><img fetchpriority=\"high\" decoding=\"async\" class=\"aligncenter wp-image-82 size-full\" title=\"Mallorca en invierno\" src=\"https:\/\/www.vacalia.com\/blog\/wp-content\/uploads\/2017\/01\/old-bridge-1251039_960_720-1.jpg\" alt=\"Mallorca en invierno\" width=\"960\" height=\"400\" srcset=\"https:\/\/www.vacalia.com\/blog\/wp-content\/uploads\/2017\/01\/old-bridge-1251039_960_720-1.jpg 960w, https:\/\/www.vacalia.com\/blog\/wp-content\/uploads\/2017\/01\/old-bridge-1251039_960_720-1-300x125.jpg 300w, https:\/\/www.vacalia.com\/blog\/wp-content\/uploads\/2017\/01\/old-bridge-1251039_960_720-1-768x320.jpg 768w\" sizes=\"(max-width: 960px) 100vw, 960px\" \/><\/a><\/p>\n<p>&nbsp;<\/p>\n<p><!--more--><\/p>\n<h2 class=\"post-item__subtitle\">Pero, \u00bfQu\u00e9 ver en Mallorca en invierno?<\/h2>\n<p>La isla tiene diversas desembocaduras al mar que provienen de la monta\u00f1a. Estos coquetos trazos se llaman torrentes y en su gran mayor\u00eda suelen proceder de la lluvia que se deja caer en los peque\u00f1os montes de Mallorca en invierno.<\/p>\n<p>En la principal cordillera de la \u201croqueta\u201d, la Serra de Tramuntana, encontraremos algunos de los nacimientos de dichos torrentes, los cuales descienden la verde superficie a trav\u00e9s de preciosos \u201cSaltos\u201d y cascadas que se forman despu\u00e9s de intensos d\u00edas de precipitaciones.<\/p>\n<p>Al ser la lluvia intensa un fen\u00f3meno meteorol\u00f3gico poco frecuente, si os encontr\u00e1is en Mallorca en invierno y ocurre alguno alguno de estos eventos, os recomendamos que, al haberse reducido el peligro por lluvias y vientos, visit\u00e9is inmediatamente los siguientes monumentos naturales:<\/p>\n<h3 class=\"post-item__subtitle\">El Salt des Freu.<\/h3>\n<p>Al Salt des Freu se puede llegar con una simple y agradable excursi\u00f3n de tan solo 20-30 minutos a trav\u00e9s del Torrent de Coanegra, bastante liso y con muy bonitas vistas formadas por grandes prados, encinas, pinos y olivos.<br \/>\nDurante el camino nos iremos encontrando con las t\u00edpicas paredes de piedra en seco, algunas ruinas de las \u201cCases des Freu\u201d y otros elementos tradicionales dentro de la arquitectura mallorquina.<\/p>\n<p>Al terminar este bello recorrido nos encontraremos directamente con la impresionante cascada. Con 7 metros de altura y unas vistas impresionantes, os podemos asegurar que el Salt des Freu ser\u00e1, sin duda, una de las excusiones m\u00e1s incre\u00edbles que pod\u00e1is hacer junto a toda la familia en Mallorca en invierno.<\/p>\n<p><img decoding=\"async\" class=\"aligncenter wp-image-84 size-large\" title=\"Salt des Freu - Vacalia alquiler vacacional mallorca\" src=\"https:\/\/www.vacalia.com\/blog\/wp-content\/uploads\/2017\/01\/salt2-1024x853.jpg\" alt=\"Mallorca en invierno\" width=\"1024\" height=\"853\" srcset=\"https:\/\/www.vacalia.com\/blog\/wp-content\/uploads\/2017\/01\/salt2-1024x853.jpg 1024w, https:\/\/www.vacalia.com\/blog\/wp-content\/uploads\/2017\/01\/salt2-300x250.jpg 300w, https:\/\/www.vacalia.com\/blog\/wp-content\/uploads\/2017\/01\/salt2-768x640.jpg 768w, https:\/\/www.vacalia.com\/blog\/wp-content\/uploads\/2017\/01\/salt2-1050x875.jpg 1050w, https:\/\/www.vacalia.com\/blog\/wp-content\/uploads\/2017\/01\/salt2.jpg 1200w\" sizes=\"(max-width: 1024px) 100vw, 1024px\" \/><\/p>\n<h3 class=\"post-item__subtitle\">Fonts Ufanes.<\/h3>\n<p>Les Fonts Ufanes se encuentran en Campanet, un bello pueblo situado en el norte de Mallorca, m\u00e1s concretamente en la fuente de la finca de Gabell\u00ed Petit. Estas fuentes est\u00e1n declaradas Monumento Natural el a\u00f1o 2011 debida a su rareza y a su belleza, ya que despu\u00e9s de cada per\u00edodo de fuertes lluvias, las fuentes \u201cbrotan\u201d desde debajo de la tierra.<br \/>\nEste fen\u00f3meno representa una grata sorpresa para todos los visitantes que se encuentran en Mallorca en invierno, los cuales no tardan mucho en desplazarse hasta la zona para ver este fen\u00f3meno en plena acci\u00f3n. El resurgimiento de las fuentes ocurre entre 2 y 7 veces al a\u00f1o debido a la presi\u00f3n provocada por la acumulaci\u00f3n de agua en el acu\u00edfero.<\/p>\n<p><img decoding=\"async\" class=\"aligncenter wp-image-86 size-large\" title=\"Fonts Ufanes - Vacalia agencia de alquiler vacacional\" src=\"https:\/\/www.vacalia.com\/blog\/wp-content\/uploads\/2017\/01\/fontsufanes_wass\u00a9joseagamez-1024x850.jpg\" alt=\"Mallorca en invierno\" width=\"1024\" height=\"850\" srcset=\"https:\/\/www.vacalia.com\/blog\/wp-content\/uploads\/2017\/01\/fontsufanes_wass\u00a9joseagamez.jpg 1024w, https:\/\/www.vacalia.com\/blog\/wp-content\/uploads\/2017\/01\/fontsufanes_wass\u00a9joseagamez-300x249.jpg 300w, https:\/\/www.vacalia.com\/blog\/wp-content\/uploads\/2017\/01\/fontsufanes_wass\u00a9joseagamez-768x638.jpg 768w\" sizes=\"(max-width: 1024px) 100vw, 1024px\" \/><\/p>\n<h3 class=\"post-item__subtitle\">Es Pont Rom\u00e0.<\/h3>\n<p>Ubicado en el municipio de Pollen\u00e7a, este antiguo puente se sit\u00faa sobre el torrente de Sant Jordi. Divide el pueblo de Pollen\u00e7a de Ternelles i la Zona de l\u2019Horta.<br \/>\nEste precioso puente tiene fecha de creaci\u00f3n desconocida. Aunque se diga Puente Romano, se sospecha que no es romano, sino una construcci\u00f3n medieval. Los d\u00edas de intensa lluvia se puede apreciar el torrente repleto de agua desde una vista excepcional. Solamente debemos situarnos encima del mismo. Adem\u00e1s los alrededores nos ofrecen una vista espectacular de un ambiente rodeado de naturaleza y paz. Sin duda, un lugar que no os decepcionar\u00e1.<\/p>\n<p><img loading=\"lazy\" decoding=\"async\" class=\"aligncenter wp-image-87 size-large\" title=\"Pont Rom\u00e0 - Vacalia agencia de alquiler vacacional\" src=\"https:\/\/www.vacalia.com\/blog\/wp-content\/uploads\/2017\/01\/Pont_Rom\u00e0_12-1024x768.jpg\" alt=\"Mallorca en invierno\" width=\"1024\" height=\"768\" srcset=\"https:\/\/www.vacalia.com\/blog\/wp-content\/uploads\/2017\/01\/Pont_Rom\u00e0_12-1024x768.jpg 1024w, https:\/\/www.vacalia.com\/blog\/wp-content\/uploads\/2017\/01\/Pont_Rom\u00e0_12-300x225.jpg 300w, https:\/\/www.vacalia.com\/blog\/wp-content\/uploads\/2017\/01\/Pont_Rom\u00e0_12-768x576.jpg 768w, https:\/\/www.vacalia.com\/blog\/wp-content\/uploads\/2017\/01\/Pont_Rom\u00e0_12-1050x788.jpg 1050w, https:\/\/www.vacalia.com\/blog\/wp-content\/uploads\/2017\/01\/Pont_Rom\u00e0_12-1600x1200.jpg 1600w, https:\/\/www.vacalia.com\/blog\/wp-content\/uploads\/2017\/01\/Pont_Rom\u00e0_12.jpg 2048w\" sizes=\"(max-width: 1024px) 100vw, 1024px\" \/><\/p>\n<h3 class=\"post-item__subtitle\">Torrent des Lli.<\/h3>\n<p>El Torrent des Lli es uno de los torrentes con las mejores vistas que encontraremos en Mallorca. De recorrido corto pero con un incre\u00edble desnivel que nos ofrece una panor\u00e1mica incre\u00edble del Puerto de Valldemossa.<br \/>\nCon un Salto de 54 metros, es necesario tener mucha precauci\u00f3n e ir bien preparados. Os garantizamos que si cumpl\u00eds los requisitos vais a disfrutar de una experiencia inigualable en Mallorca en invierno.<\/p>\n<p><img loading=\"lazy\" decoding=\"async\" class=\"aligncenter wp-image-88 size-full\" title=\"Torrent des Lli - Vacalia agencia de alquiler vacacional\" src=\"https:\/\/www.vacalia.com\/blog\/wp-content\/uploads\/2017\/01\/P2070045.jpg\" alt=\"Mallorca en invierno\" width=\"851\" height=\"606\" srcset=\"https:\/\/www.vacalia.com\/blog\/wp-content\/uploads\/2017\/01\/P2070045.jpg 851w, https:\/\/www.vacalia.com\/blog\/wp-content\/uploads\/2017\/01\/P2070045-300x214.jpg 300w, https:\/\/www.vacalia.com\/blog\/wp-content\/uploads\/2017\/01\/P2070045-768x547.jpg 768w\" sizes=\"(max-width: 851px) 100vw, 851px\" \/><\/p>\n<h6 style=\"text-align: center;\">Fuente: www.doblevuit.com<\/h6>\n<h3 class=\"post-item__subtitle\">Torrent de na mora.<\/h3>\n<p>El Torrent de na Mora es un encantador torrente ideal para aquellos que quieran disfrutar de unos espectaculares gorgs. Sus incre\u00edbles saltos seguro que os divertir\u00e1n mucho. Cierto es que quiz\u00e1s deber\u00e9is caminar un poco. A\u00fan as\u00ed, este tramo nos permitir\u00e1 disfrutar tanto de la incre\u00edble Serra de Tramuntana\u00a0como del mar.<\/p>\n<p><img loading=\"lazy\" decoding=\"async\" class=\"aligncenter wp-image-90 size-large\" title=\"Torrent de na Mora - Mallorca en invierno\" src=\"https:\/\/www.vacalia.com\/blog\/wp-content\/uploads\/2017\/01\/14-1024x768.jpg\" alt=\"Mallorca en invierno\" width=\"1024\" height=\"768\" srcset=\"https:\/\/www.vacalia.com\/blog\/wp-content\/uploads\/2017\/01\/14-1024x768.jpg 1024w, https:\/\/www.vacalia.com\/blog\/wp-content\/uploads\/2017\/01\/14-300x225.jpg 300w, https:\/\/www.vacalia.com\/blog\/wp-content\/uploads\/2017\/01\/14-768x576.jpg 768w, https:\/\/www.vacalia.com\/blog\/wp-content\/uploads\/2017\/01\/14-1050x788.jpg 1050w, https:\/\/www.vacalia.com\/blog\/wp-content\/uploads\/2017\/01\/14.jpg 1600w\" sizes=\"(max-width: 1024px) 100vw, 1024px\" \/><\/p>\n<h6 style=\"text-align: center;\">Fuente:\u00a0https:\/\/iggybarrancs.blogspot.com.es<\/h6>\n<h3 class=\"post-item__subtitle\">Torrent d\u2019Almedr\u00e0.<\/h3>\n<p>El Torrent d\u2019Almadr\u00e0 nos presenta una bonita excursi\u00f3n desde el embalse de C\u00faber hasta la Font des Pi. Pasaremos por diversos saltos de entre 15 y 20 metros aprox. Sin duda, un ambiente incre\u00edble.<br \/>\nDurante el recorrido iremos encontr\u00e1ndonos con diversos t\u00faneles que pueden servir como paso para aquellos que tengan v\u00e9rtigo. Evitar loscaminos que rodean la monta\u00f1a puede ser una suerte para algunos. Una experiencia inigualable para tener en Mallorca en invierno.<\/p>\n<p><img loading=\"lazy\" decoding=\"async\" class=\"aligncenter wp-image-91 size-large\" title=\"Torrent d'Almadr\u00e0 - agencia de alquiler vacacional vacalia\" src=\"https:\/\/www.vacalia.com\/blog\/wp-content\/uploads\/2017\/01\/P1040502_-_copia-1024x768.jpg\" alt=\"Mallorca en Invierno\" width=\"1024\" height=\"768\" srcset=\"https:\/\/www.vacalia.com\/blog\/wp-content\/uploads\/2017\/01\/P1040502_-_copia.jpg 1024w, https:\/\/www.vacalia.com\/blog\/wp-content\/uploads\/2017\/01\/P1040502_-_copia-300x225.jpg 300w, https:\/\/www.vacalia.com\/blog\/wp-content\/uploads\/2017\/01\/P1040502_-_copia-768x576.jpg 768w\" sizes=\"(max-width: 1024px) 100vw, 1024px\" \/><\/p>\n<h6 style=\"text-align: center;\">Fuente:\u00a0https:\/\/amicsdetramuntana.blogspot.com.es\/2011\/03\/torrent-dalmadra.html<\/h6>\n<p>\u00bfQu\u00e9 pens\u00e1is ahora sobre la belleza de Mallorca en invierno?<\/p>\n\n<div class=\"bannerBlog\"><div class=\"new-card-houses\">\n    <div class=\"likeOut likeDivOut\" style=\"display:none\">\n        <a data-id=\"1754\" class=\"likeOut_button_red likeBtnFav\"\n            aria-label=\"Megusta Vacalia\"><\/a>\n    <\/div>\n    <figure>\n        <img loading=\"lazy\" decoding=\"async\" \n            loading=\"lazy\" width=\"301\" height=\"200\"\n            src=\"\/\/media.vacalia.com\/photo\/reformatwebpfolder\/350\/200\/1754\/thumb-middle\/1754_534080ee9c9e171906b1ec19a2344a59.webp?v=21092023\"\n            alt=\"Sun of the bay vidalba 1 (b2 - a1) - Alquiler vacacional en Port d&#039;Alc\u00fadia\"\/>\n                                                                        <div class=\"circleDiscount\">-18%<\/div>\n                        <\/figure>\n    <p itemprop=\"address\"><i class=\"ico-marker\"><\/i>Port d&#039;Alc\u00fadia, Mallorca<\/p>\n    <h3 itemprop=\"name\">Sun of the bay vidalba 1 (b2 - a1)<\/h3>\n    <ul class=\"icon_list inline_list\">\n                              <li class=\"ico-airConditioning\" title=\"Aire Acondicionado\">\n              <span itemprop=\"amenityFeature\">Aire Acondicionado<\/span>\n            <\/li>\n                      <li class=\"ico-wifi\" title=\"Wifi\">\n              <span itemprop=\"amenityFeature\">Wifi<\/span>\n            <\/li>\n                      <li class=\"ico-views\" title=\"Vistas\">\n              <span itemprop=\"amenityFeature\">Vistas<\/span>\n            <\/li>\n                          <li class=\"ico-guests\" title=\"Para 4+2   hu\u00e9spedes en Port D&#039;alc\u00fadia.\">\n          <span itemprop=\"occupancy\">4+2  <\/span>\n        <\/li>\n    <\/ul>\n            <span class=\"price\">Desde 180\u20ac \/ noche<\/span>\n                <a itemprop=\"url\" class=\"anchor\" href=\"https:\/\/www.vacalia.com\/es\/apartamento-sun-of-the-bay-vidalba-1-b2-a1-alcudia-h20213\" aria-label=\"Sun of the bay vidalba 1 (b2 - a1)\"><\/a>\n<\/div><div class=\"new-card-houses\">\n    <div class=\"likeOut likeDivOut\" style=\"display:none\">\n        <a data-id=\"260\" class=\"likeOut_button_red likeBtnFav\"\n            aria-label=\"Megusta Vacalia\"><\/a>\n    <\/div>\n    <figure>\n        <img loading=\"lazy\" decoding=\"async\" \n            loading=\"lazy\" width=\"301\" height=\"200\"\n            src=\"\/\/media.vacalia.com\/photo\/reformatwebpfolder\/350\/200\/260\/thumb-middle\/260_e5796ce7a6a82b0efcc3ac605ba367af.webp?v=21092023\"\n            alt=\"Golf - Alquiler vacacional en Alcanada\"\/>\n                                                                        <div class=\"circleDiscount\">-24%<\/div>\n                        <\/figure>\n    <p itemprop=\"address\"><i class=\"ico-marker\"><\/i>Alcanada, Mallorca<\/p>\n    <h3 itemprop=\"name\">Golf<\/h3>\n    <ul class=\"icon_list inline_list\">\n                              <li class=\"ico-airConditioning\" title=\"Aire Acondicionado\">\n              <span itemprop=\"amenityFeature\">Aire Acondicionado<\/span>\n            <\/li>\n                      <li class=\"ico-wifi\" title=\"Wifi\">\n              <span itemprop=\"amenityFeature\">Wifi<\/span>\n            <\/li>\n                      <li class=\"ico-views\" title=\"Vistas\">\n              <span itemprop=\"amenityFeature\">Vistas<\/span>\n            <\/li>\n                          <li class=\"ico-guests\" title=\"Para 7 hu\u00e9spedes en Alcanada.\">\n          <span itemprop=\"occupancy\">7<\/span>\n        <\/li>\n    <\/ul>\n            <span class=\"price\">Desde 203\u20ac \/ noche<\/span>\n                <a itemprop=\"url\" class=\"anchor\" href=\"https:\/\/www.vacalia.com\/es\/casa-vacacional-golf-alcudia-h14987\" aria-label=\"Golf\"><\/a>\n<\/div><\/div>\n","protected":false},"excerpt":{"rendered":"<p>Qu\u00e9 ver en Mallorca en Invierno. Mallorca es una isla paradis\u00edaca con un amplio ventanal de actividades, tanto de ocio como educativas, dirigidas a toda la familia y con las&hellip;<\/p>\n","protected":false},"author":2,"featured_media":0,"comment_status":"closed","ping_status":"open","sticky":false,"template":"","format":"standard","meta":{"_monsterinsights_skip_tracking":false,"_monsterinsights_sitenote_active":false,"_monsterinsights_sitenote_note":"","_monsterinsights_sitenote_category":0,"footnotes":""},"categories":[1],"tags":[],"class_list":["post-78","post","type-post","status-publish","format-standard","hentry","category-general-es"],"_links":{"self":[{"href":"https:\/\/www.vacalia.com\/blog\/wp-json\/wp\/v2\/posts\/78"}],"collection":[{"href":"https:\/\/www.vacalia.com\/blog\/wp-json\/wp\/v2\/posts"}],"about":[{"href":"https:\/\/www.vacalia.com\/blog\/wp-json\/wp\/v2\/types\/post"}],"author":[{"embeddable":true,"href":"https:\/\/www.vacalia.com\/blog\/wp-json\/wp\/v2\/users\/2"}],"replies":[{"embeddable":true,"href":"https:\/\/www.vacalia.com\/blog\/wp-json\/wp\/v2\/comments?post=78"}],"version-history":[{"count":19,"href":"https:\/\/www.vacalia.com\/blog\/wp-json\/wp\/v2\/posts\/78\/revisions"}],"predecessor-version":[{"id":4814,"href":"https:\/\/www.vacalia.com\/blog\/wp-json\/wp\/v2\/posts\/78\/revisions\/4814"}],"wp:attachment":[{"href":"https:\/\/www.vacalia.com\/blog\/wp-json\/wp\/v2\/media?parent=78"}],"wp:term":[{"taxonomy":"category","embeddable":true,"href":"https:\/\/www.vacalia.com\/blog\/wp-json\/wp\/v2\/categories?post=78"},{"taxonomy":"post_tag","embeddable":true,"href":"https:\/\/www.vacalia.com\/blog\/wp-json\/wp\/v2\/tags?post=78"}],"curies":[{"name":"wp","href":"https:\/\/api.w.org\/{rel}","templated":true}]}}