{"id":8,"date":"2016-02-04T10:23:26","date_gmt":"2016-02-04T10:23:26","guid":{"rendered":"https:\/\/www.vacalia.com\/blog\/?p=8"},"modified":"2024-02-14T11:44:59","modified_gmt":"2024-02-14T10:44:59","slug":"el-alquiler-de-casas-en-mallorca-que-te-interesara-si-visitas-la-isla","status":"publish","type":"post","link":"https:\/\/www.vacalia.com\/blog\/es\/el-alquiler-de-casas-en-mallorca-que-te-interesara-si-visitas-la-isla\/","title":{"rendered":"El alquiler de casas en Mallorca: qu\u00e9 te interesar\u00e1 si visitas la isla"},"content":{"rendered":"<p>Mallorca es una isla que siempre recibe con los brazos abiertos a todo aquel que la visite. Sus espectaculares paisajes que se combinan entre el paisaje monta\u00f1oso de la Serra de Tramuntana, los campos infinitos del Pla de Mallorca e incluso sus v\u00edrgenes y paradis\u00edacas playas, son solamente algunos de los regalos para el recuerdo que la mayor de las Islas Baleares te puede brindar. Es por ello que queremos hablar del alquiler de casas en Mallorca. \u00bfSabes que est\u00e1s buscando?<\/p>\n<p>https:\/\/www.youtube.com\/watch?v=vC1XAxA7Rkg<\/p>\n<p style=\"text-align: justify;\"><!--more--><\/p>\n<h2 class=\"post-item__subtitle\" style=\"text-align: justify;\">Chalets o lujosas villas en Mallorca, t\u00fa decides<\/h2>\n<p style=\"text-align: justify;\">En el momento en que decidimos que queremos realizar un alquiler de casas en Mallorca lo primero que debemos pensar es: \u00bfqu\u00e9 ser\u00e1 m\u00e1s pr\u00e1ctico para nosotros? Tenemos m\u00faltiples opciones para elegir: villas o fincas en Mallorca, chalets de interior, preciosas casas delante del mar\u2026<\/p>\n<h3 class=\"post-item__subtitle\" style=\"text-align: justify;\">Casa o Chalet<\/h3>\n<p style=\"text-align: justify;\">Este tipo de propiedad son ideales para aquellos que quieran visitar las zonas urbanas de la isla. Normalmente c\u00e9ntricos y con gran proximidad a los servicios, son la mejor opci\u00f3n si lo tuyo es descubrir la cultura local, y al mismo tiempo necesitas espacio para tu d\u00eda a d\u00eda.<\/p>\n<h2 class=\"post-item__subtitle\" style=\"text-align: justify;\">Villa<\/h2>\n<p style=\"text-align: justify;\">Las villas pueden encontrarse tanto en campo, costa o monta\u00f1a. Suelen ser propiedades de gran tama\u00f1o que, al mismo tiempo, disponen de amplios terrenos donde podr\u00e1n encontrar desde piscinas y solariums hasta babacoas.<\/p>\n<p style=\"text-align: justify;\">Son ideales para aquellos que quieran disfrutar de la tranquilidad y el espacio, sin renunciar a la comodidad de saber que disponen de los servicios necesarios a solo unos minutos.<\/p>\n<h2 class=\"post-item__subtitle\" style=\"text-align: justify;\">Fincas<\/h2>\n<p style=\"text-align: justify;\">Las fincas son la versi\u00f3n m\u00e1s r\u00fastica y tradicional de las villas, ideales para aquellos que buscan una adorable casa de vacaciones en Mallorca con estilo mediterr\u00e1neo.<\/p>\n<p style=\"text-align: justify;\">Igual que las villas suelen disponer de grandes terrenos y piscina, lo \u00fanico que var\u00eda es el tipo de edificaci\u00f3n y estilo.<\/p>\n<p style=\"text-align: justify;\"><a style=\"color: #f8b334;\" href=\"https:\/\/www.vacalia.com\">Aqu\u00ed<\/a> seguro que encuentras el tipo de propiedad que m\u00e1s se adapte a ti.<\/p>\n<h2 class=\"post-item__subtitle\" style=\"text-align: justify;\">\u00bfPor qu\u00e9 alquilar una casa en Mallorca?<\/h2>\n<p style=\"text-align: justify;\">En Vacalia pensamos que pasar las vacaciones en una de las islas m\u00e1s bonitas del pa\u00eds es una de las mejores decisiones que podr\u00edas tomar, no solamente por sus 300 d\u00edas de sol al a\u00f1o, o por los m\u00e1gicos rincones que vas a descubrir, sino tambi\u00e9n por su gastronom\u00eda, el calor de sus habitantes o la paz con la que sabemos que vas a marcharte. Pero todo ello, mejor te lo contamos en otro post.<\/p>\n<p style=\"text-align: justify;\">Si tambi\u00e9n quieres descubrir <a href=\"https:\/\/www.vacalia.com\/blog\/es\/que-ver-en-mallorca-en-primavera\/\">qu\u00e9 ver en Mallorca en primavera<\/a> o <a href=\"https:\/\/www.vacalia.com\/blog\/es\/mallorca-en-invierno\/\">qu\u00e9 ver en Mallorca en invierno<\/a>, os recomendamos que os pas\u00e9is por nuestro blog. \u00a1Seguro que poco a poco tendr\u00e9is una lista interminable de lugares que visitar en la isla!<\/p>\n\n<div class=\"bannerBlog\"><div class=\"new-card-houses\">\n    <div class=\"likeOut likeDivOut\" style=\"display:none\">\n        <a data-id=\"3341\" class=\"likeOut_button_red likeBtnFav\"\n            aria-label=\"Megusta Vacalia\"><\/a>\n    <\/div>\n    <figure>\n        <img loading=\"lazy\" decoding=\"async\" \n            loading=\"lazy\" width=\"301\" height=\"200\"\n            src=\"\/\/media.vacalia.com\/photo\/reformatwebpfolder\/350\/200\/3341\/thumb-middle\/3341_38b5dc97e5f5c2cf7e9fecc7595a4db6.webp?v=21092023\"\n            alt=\"Sa marina - Alquiler vacacional en Alc\u00fadia\"\/>\n                                                                        <div class=\"circleDiscount\">-16%<\/div>\n                        <\/figure>\n    <p itemprop=\"address\"><i class=\"ico-marker\"><\/i>Alc\u00fadia, Mallorca<\/p>\n    <h3 itemprop=\"name\">Sa marina<\/h3>\n    <ul class=\"icon_list inline_list\">\n                              <li class=\"ico-airConditioning\" title=\"Aire Acondicionado\">\n              <span itemprop=\"amenityFeature\">Aire Acondicionado<\/span>\n            <\/li>\n                      <li class=\"ico-wifi\" title=\"Wifi\">\n              <span itemprop=\"amenityFeature\">Wifi<\/span>\n            <\/li>\n                      <li class=\"ico-views\" title=\"Vistas\">\n              <span itemprop=\"amenityFeature\">Vistas<\/span>\n            <\/li>\n                          <li class=\"ico-guests\" title=\"Para 5 hu\u00e9spedes en Alc\u00fadia.\">\n          <span itemprop=\"occupancy\">5<\/span>\n        <\/li>\n    <\/ul>\n            <span class=\"price\">Desde 83\u20ac \/ noche<\/span>\n                <a itemprop=\"url\" class=\"anchor\" href=\"https:\/\/www.vacalia.com\/es\/casa-vacacional-sa-marina-alcudia-h23438\" aria-label=\"Sa marina\"><\/a>\n<\/div><div class=\"new-card-houses\">\n    <div class=\"likeOut likeDivOut\" style=\"display:none\">\n        <a data-id=\"84\" class=\"likeOut_button_red likeBtnFav\"\n            aria-label=\"Megusta Vacalia\"><\/a>\n    <\/div>\n    <figure>\n        <img loading=\"lazy\" decoding=\"async\" \n            loading=\"lazy\" width=\"301\" height=\"200\"\n            src=\"\/\/media.vacalia.com\/photo\/reformatwebpfolder\/350\/200\/84\/thumb-middle\/84_e53e6ff09263c23a4fcb5f903f0fbcda.webp?v=21092023\"\n            alt=\"Es mussol - Alquiler vacacional en Sa Pobla\"\/>\n                                                                        <div class=\"circleDiscount\">-6%<\/div>\n                        <\/figure>\n    <p itemprop=\"address\"><i class=\"ico-marker\"><\/i>Sa Pobla, Mallorca<\/p>\n    <h3 itemprop=\"name\">Es mussol<\/h3>\n    <ul class=\"icon_list inline_list\">\n                              <li class=\"ico-pool\" title=\"Piscina\">\n              <span itemprop=\"amenityFeature\">Piscina<\/span>\n            <\/li>\n                      <li class=\"ico-airConditioning\" title=\"Aire Acondicionado\">\n              <span itemprop=\"amenityFeature\">Aire Acondicionado<\/span>\n            <\/li>\n                      <li class=\"ico-wifi\" title=\"Wifi\">\n              <span itemprop=\"amenityFeature\">Wifi<\/span>\n            <\/li>\n                          <li class=\"ico-guests\" title=\"Para 8 hu\u00e9spedes en Sa Pobla.\">\n          <span itemprop=\"occupancy\">8<\/span>\n        <\/li>\n    <\/ul>\n            <span class=\"price\">Desde 246\u20ac \/ noche<\/span>\n                <a itemprop=\"url\" class=\"anchor\" href=\"https:\/\/www.vacalia.com\/es\/villa-es-mussol-sa-pobla-h14633\" aria-label=\"Es mussol\"><\/a>\n<\/div><\/div>\n","protected":false},"excerpt":{"rendered":"<p>Mallorca es una isla que siempre recibe con los brazos abiertos a todo aquel que la visite. Sus espectaculares paisajes que se combinan entre el paisaje monta\u00f1oso de la Serra&hellip;<\/p>\n","protected":false},"author":2,"featured_media":0,"comment_status":"closed","ping_status":"open","sticky":false,"template":"","format":"standard","meta":{"_monsterinsights_skip_tracking":false,"_monsterinsights_sitenote_active":false,"_monsterinsights_sitenote_note":"","_monsterinsights_sitenote_category":0,"footnotes":""},"categories":[1],"tags":[],"class_list":["post-8","post","type-post","status-publish","format-standard","hentry","category-general-es"],"_links":{"self":[{"href":"https:\/\/www.vacalia.com\/blog\/wp-json\/wp\/v2\/posts\/8"}],"collection":[{"href":"https:\/\/www.vacalia.com\/blog\/wp-json\/wp\/v2\/posts"}],"about":[{"href":"https:\/\/www.vacalia.com\/blog\/wp-json\/wp\/v2\/types\/post"}],"author":[{"embeddable":true,"href":"https:\/\/www.vacalia.com\/blog\/wp-json\/wp\/v2\/users\/2"}],"replies":[{"embeddable":true,"href":"https:\/\/www.vacalia.com\/blog\/wp-json\/wp\/v2\/comments?post=8"}],"version-history":[{"count":23,"href":"https:\/\/www.vacalia.com\/blog\/wp-json\/wp\/v2\/posts\/8\/revisions"}],"predecessor-version":[{"id":4817,"href":"https:\/\/www.vacalia.com\/blog\/wp-json\/wp\/v2\/posts\/8\/revisions\/4817"}],"wp:attachment":[{"href":"https:\/\/www.vacalia.com\/blog\/wp-json\/wp\/v2\/media?parent=8"}],"wp:term":[{"taxonomy":"category","embeddable":true,"href":"https:\/\/www.vacalia.com\/blog\/wp-json\/wp\/v2\/categories?post=8"},{"taxonomy":"post_tag","embeddable":true,"href":"https:\/\/www.vacalia.com\/blog\/wp-json\/wp\/v2\/tags?post=8"}],"curies":[{"name":"wp","href":"https:\/\/api.w.org\/{rel}","templated":true}]}}