{"id":877,"date":"2017-10-30T11:08:09","date_gmt":"2017-10-30T11:08:09","guid":{"rendered":"https:\/\/www.vacalia.com\/blog\/?p=877"},"modified":"2024-02-14T11:30:30","modified_gmt":"2024-02-14T10:30:30","slug":"un-dia-de-otono-en-mallorca-nordeste","status":"publish","type":"post","link":"https:\/\/www.vacalia.com\/blog\/es\/un-dia-de-otono-en-mallorca-nordeste\/","title":{"rendered":"Un d\u00eda de Oto\u00f1o en Mallorca: nordeste"},"content":{"rendered":"<p>Mallorca es una isla preciosa que no es que pueda, es que debe ser visitada durante cada estaci\u00f3n al menos una vez en la vida. Queremos empezar una serie de posts junto a vosotros donde iremos explic\u00e1ndoos como pasar un d\u00eda en Mallorca en funci\u00f3n de la estaci\u00f3n en que nos encontremos.<\/p>\n<p><a href=\"https:\/\/www.vacalia.com\"><img fetchpriority=\"high\" decoding=\"async\" class=\"aligncenter wp-image-878 size-large\" src=\"https:\/\/www.vacalia.com\/blog\/wp-content\/uploads\/2017\/10\/Encuentra-la-finca-perfecta-en-Mallorca-3-1024x427.jpg\" alt=\"Un d\u00eda de oto\u00f1o en Mallorca: nordeste\" width=\"1024\" height=\"427\" srcset=\"https:\/\/www.vacalia.com\/blog\/wp-content\/uploads\/2017\/10\/Encuentra-la-finca-perfecta-en-Mallorca-3-1024x427.jpg 1024w, https:\/\/www.vacalia.com\/blog\/wp-content\/uploads\/2017\/10\/Encuentra-la-finca-perfecta-en-Mallorca-3-300x125.jpg 300w, https:\/\/www.vacalia.com\/blog\/wp-content\/uploads\/2017\/10\/Encuentra-la-finca-perfecta-en-Mallorca-3-768x320.jpg 768w, https:\/\/www.vacalia.com\/blog\/wp-content\/uploads\/2017\/10\/Encuentra-la-finca-perfecta-en-Mallorca-3-1050x438.jpg 1050w, https:\/\/www.vacalia.com\/blog\/wp-content\/uploads\/2017\/10\/Encuentra-la-finca-perfecta-en-Mallorca-3.jpg 1200w\" sizes=\"(max-width: 1024px) 100vw, 1024px\" \/><\/a><\/p>\n<p><!--more--><\/p>\n<p>Desde el inicio Vacalia ha querido ser vuestro gu\u00eda cuando hablamos de nuestra querida isla o de la preciosa Costa Blanca.<\/p>\n<p>Tal y c\u00f3mo sab\u00e9is nuestras oficinas se encuentran en Mallorca y casi todos nuestros trabajadores son locales, por lo que podemos aseguraros los mejores consejos que encontr\u00e9is. Dicho esto, despertemos y empezemos nuestro<\/p>\n<h2 class=\"post-item__subtitle\">D\u00eda de oto\u00f1o en Mallorca: nordeste<\/h2>\n<p>Empecemos el d\u00eda siendo ma\u00f1aneros. Recordad que las vacaciones no duran eternamente y todav\u00eda tenemos MUCHO por ver.<\/p>\n<p>Pongamos que despertamos en Palma, una ciudad id\u00edlica donde las haya. Sus transitadas calles, sus tiendas llenas, sus bares resonando sonrisas&#8230;<\/p>\n<p><strong>9 a.m.:<\/strong> No podemos empezar el d\u00eda con la barriga vac\u00eda y adem\u00e1s, necesitaremos mucha energ\u00eda. El mejor lugar para almorzar es, sin duda, Ca\u2019n Joan de s\u2019Aigo. Este ic\u00f3nico y centenario bar de Palma es conocido por sus deliciosas Cocas de Gat\u00f3 y sus ensaimadas con chocolate caliente. Adem\u00e1s, cabe recordar que somos oto\u00f1o con lo que un desayuno calentito \u00a1nos va a sentar de maravilla!<\/p>\n<figure id=\"attachment_886\" aria-describedby=\"caption-attachment-886\" style=\"width: 1000px\" class=\"wp-caption aligncenter\"><a href=\"https:\/\/www.vacalia.com\"><img decoding=\"async\" class=\"wp-image-886 size-full\" src=\"https:\/\/www.vacalia.com\/blog\/wp-content\/uploads\/2017\/10\/Mosaico_blanco_y_negro-1-1000x600-1.jpg\" alt=\"Un d\u00eda de oto\u00f1o en Mallorca: nordeste\" width=\"1000\" height=\"600\" srcset=\"https:\/\/www.vacalia.com\/blog\/wp-content\/uploads\/2017\/10\/Mosaico_blanco_y_negro-1-1000x600-1.jpg 1000w, https:\/\/www.vacalia.com\/blog\/wp-content\/uploads\/2017\/10\/Mosaico_blanco_y_negro-1-1000x600-1-300x180.jpg 300w, https:\/\/www.vacalia.com\/blog\/wp-content\/uploads\/2017\/10\/Mosaico_blanco_y_negro-1-1000x600-1-768x461.jpg 768w\" sizes=\"(max-width: 1000px) 100vw, 1000px\" \/><\/a><figcaption id=\"caption-attachment-886\" class=\"wp-caption-text\">Foto: Can Joan de s&#8217;Aigo<\/figcaption><\/figure>\n<p><strong>10 a.m.:<\/strong> Ya con las pilas cargadas vamos a dirigirnos a explorar las maravillas arquitect\u00f3nicas de la ciudad. Nos dirigimos a la Seu, pero para llegar pasaremos primero por el Passeig del Born i l\u2019Avinguda d\u2019Antoni Maura donde podremos observar una de las Ramblas m\u00e1s bonitas de Mallorca, especialmente ahora con las hojas de los arboles cayendo. Este paseo podr\u00e1 durar en funci\u00f3n del tiempo que deseemos, si queremos parar en alg\u00fan museo o a visitar alguna tienda.<\/p>\n<p><a href=\"https:\/\/www.vacalia.com\"><img decoding=\"async\" class=\"aligncenter size-large wp-image-885\" src=\"https:\/\/www.vacalia.com\/blog\/wp-content\/uploads\/2017\/10\/102647363_559c710c72_b-1-1024x768.jpg\" alt=\"Un d\u00eda de oto\u00f1o en Mallorca: nordeste\" width=\"1024\" height=\"768\" srcset=\"https:\/\/www.vacalia.com\/blog\/wp-content\/uploads\/2017\/10\/102647363_559c710c72_b-1.jpg 1024w, https:\/\/www.vacalia.com\/blog\/wp-content\/uploads\/2017\/10\/102647363_559c710c72_b-1-300x225.jpg 300w, https:\/\/www.vacalia.com\/blog\/wp-content\/uploads\/2017\/10\/102647363_559c710c72_b-1-768x576.jpg 768w\" sizes=\"(max-width: 1024px) 100vw, 1024px\" \/><\/a><\/p>\n<p><strong>11 a.m.:<\/strong> Llegamos a Catedral de Mallorca, m\u00e1s conocida como La Seu. Esta impresionante obra arquitect\u00f3nica iniciada en el s.XIII es uno de los puntos m\u00e1s importantes de Mallorca, no solo por su belleza, sino tambi\u00e9n por su car\u00e1cter religioso. Adem\u00e1s, la Seu fue adaptada a principios del s.XX por el famoso arquitecto Antoni Gaudi y tambi\u00e9n ha contado con la mano del artista Miquel Barcel\u00f3 en la Capilla del Sant\u00edssimo, el cual cre\u00f3 un mural inspirado en el el milagro de los panes y los peces. Sin duda, una visita que os valdr\u00e1 la pena.<\/p>\n<p><a href=\"https:\/\/www.vacalia.com\"><img loading=\"lazy\" decoding=\"async\" class=\"aligncenter size-large wp-image-884\" src=\"https:\/\/www.vacalia.com\/blog\/wp-content\/uploads\/2017\/10\/4880188854_964d38b934_b-1-1024x665.jpg\" alt=\"Un d\u00eda de oto\u00f1o en Mallorca: nordeste\" width=\"1024\" height=\"665\" srcset=\"https:\/\/www.vacalia.com\/blog\/wp-content\/uploads\/2017\/10\/4880188854_964d38b934_b-1.jpg 1024w, https:\/\/www.vacalia.com\/blog\/wp-content\/uploads\/2017\/10\/4880188854_964d38b934_b-1-300x195.jpg 300w, https:\/\/www.vacalia.com\/blog\/wp-content\/uploads\/2017\/10\/4880188854_964d38b934_b-1-768x499.jpg 768w\" sizes=\"(max-width: 1024px) 100vw, 1024px\" \/><\/a><\/p>\n<p><strong>13.30 p.m.:<\/strong> \u00a1Hora de comer! Aqu\u00ed ten\u00e9is total libertad de elecci\u00f3n, aunque nosotros os recomendamos el Restaurante Bruselas, el vegetariano Restaurante y herbodiet\u00e9tica EcoVegetaria o la impresionante ubicaci\u00f3n del Ristorante Caf\u00e9 Murada.<\/p>\n<p><a href=\"https:\/\/www.vacalia.com\"><img loading=\"lazy\" decoding=\"async\" class=\"aligncenter size-large wp-image-883\" src=\"https:\/\/www.vacalia.com\/blog\/wp-content\/uploads\/2017\/10\/table-restaurant-dish-meal-food-plate-718020-pxhere.com_-1-1024x683.jpg\" alt=\"Un d\u00eda de oto\u00f1o en Mallorca: nordeste\" width=\"1024\" height=\"683\" srcset=\"https:\/\/www.vacalia.com\/blog\/wp-content\/uploads\/2017\/10\/table-restaurant-dish-meal-food-plate-718020-pxhere.com_-1.jpg 1024w, https:\/\/www.vacalia.com\/blog\/wp-content\/uploads\/2017\/10\/table-restaurant-dish-meal-food-plate-718020-pxhere.com_-1-300x200.jpg 300w, https:\/\/www.vacalia.com\/blog\/wp-content\/uploads\/2017\/10\/table-restaurant-dish-meal-food-plate-718020-pxhere.com_-1-768x512.jpg 768w\" sizes=\"(max-width: 1024px) 100vw, 1024px\" \/><\/a><\/p>\n<p><strong>15:30 p.m.:<\/strong> Volviendo a nuestro intr\u00e9pido d\u00eda de oto\u00f1o en Mallorca, \u00bfque hay m\u00e1s bonito que desplazarnos hasta el ic\u00f3nico pueblo de Valldemossa?. Esta preciosa (ya lo dice el nombre) valle se encuentra situada a unos 20 minutos de Palma y esconde maravillas como La Cartuja de Valldemossa y su peque\u00f1o laberinto o su casco antiguo lleno de calles estrechas y decorado con todo tipo de plantas y flores. Adem\u00e1s, es obligatorio merendar una \u201ccoca de patata\u201d, un dulce t\u00edpico de el pueblo.<\/p>\n<p><a href=\"https:\/\/www.vacalia.com\"><img loading=\"lazy\" decoding=\"async\" class=\"aligncenter size-large wp-image-882\" src=\"https:\/\/www.vacalia.com\/blog\/wp-content\/uploads\/2017\/10\/Valldemossa_view-1-1024x685.jpg\" alt=\"Un d\u00eda de Oto\u00f1o en Mallorca: nordeste\" width=\"1024\" height=\"685\" srcset=\"https:\/\/www.vacalia.com\/blog\/wp-content\/uploads\/2017\/10\/Valldemossa_view-1-1024x685.jpg 1024w, https:\/\/www.vacalia.com\/blog\/wp-content\/uploads\/2017\/10\/Valldemossa_view-1-300x201.jpg 300w, https:\/\/www.vacalia.com\/blog\/wp-content\/uploads\/2017\/10\/Valldemossa_view-1-768x514.jpg 768w, https:\/\/www.vacalia.com\/blog\/wp-content\/uploads\/2017\/10\/Valldemossa_view-1-1050x703.jpg 1050w, https:\/\/www.vacalia.com\/blog\/wp-content\/uploads\/2017\/10\/Valldemossa_view-1-1600x1071.jpg 1600w\" sizes=\"(max-width: 1024px) 100vw, 1024px\" \/><\/a><\/p>\n<p><strong>18,15 p.m.:<\/strong> \u00bfQuer\u00e9is ver la puesta de sol m\u00e1s impresionante de Mallorca? Entonces al salir de Valldemossa deber\u00edais ir hacia el Mirador de Sa Foradada ubicado en Dei\u00e0 pero mucho antes de entrar dentro del Pueblo. En este mirador podr\u00e9is ver como el sol y el Mediterr\u00e1neo se unen mientras tom\u00e1is un riqu\u00edsimo refresco del chiringuito que encontrar\u00e9is all\u00ed.<\/p>\n<p><a href=\"https:\/\/www.vacalia.com\"><img loading=\"lazy\" decoding=\"async\" class=\"aligncenter size-large wp-image-881\" src=\"https:\/\/www.vacalia.com\/blog\/wp-content\/uploads\/2017\/10\/Foradada_sunset_marroig_1-1-1024x768.jpg\" alt=\"Un d\u00eda de Oto\u00f1o en Mallorca: nordeste\" width=\"1024\" height=\"768\" srcset=\"https:\/\/www.vacalia.com\/blog\/wp-content\/uploads\/2017\/10\/Foradada_sunset_marroig_1-1-1024x768.jpg 1024w, https:\/\/www.vacalia.com\/blog\/wp-content\/uploads\/2017\/10\/Foradada_sunset_marroig_1-1-300x225.jpg 300w, https:\/\/www.vacalia.com\/blog\/wp-content\/uploads\/2017\/10\/Foradada_sunset_marroig_1-1-768x576.jpg 768w, https:\/\/www.vacalia.com\/blog\/wp-content\/uploads\/2017\/10\/Foradada_sunset_marroig_1-1-1050x788.jpg 1050w, https:\/\/www.vacalia.com\/blog\/wp-content\/uploads\/2017\/10\/Foradada_sunset_marroig_1-1-1600x1200.jpg 1600w, https:\/\/www.vacalia.com\/blog\/wp-content\/uploads\/2017\/10\/Foradada_sunset_marroig_1-1.jpg 2048w\" sizes=\"(max-width: 1024px) 100vw, 1024px\" \/><\/a><\/p>\n<p><strong>19:30 p.m.:<\/strong> \u00a1Hora de ir a cenar! Para ello os recomendamos que vay\u00e1is hasta alguno de los pueblecitos del interior-norte de Mallorca (Binissalem, Santa Mar\u00eda, Consell, Sencelles&#8230;). Ver\u00e9is otra cara de Mallorca y \u00a1seguro que os encanta!<\/p>\n<p><a href=\"https:\/\/www.vacalia.com\"><img loading=\"lazy\" decoding=\"async\" class=\"aligncenter size-large wp-image-880\" src=\"https:\/\/www.vacalia.com\/blog\/wp-content\/uploads\/2017\/10\/binissalem-1-1024x652.jpg\" alt=\"Un d\u00eda de Oto\u00f1o en Mallorca: nordeste\" width=\"1024\" height=\"652\" srcset=\"https:\/\/www.vacalia.com\/blog\/wp-content\/uploads\/2017\/10\/binissalem-1-1024x652.jpg 1024w, https:\/\/www.vacalia.com\/blog\/wp-content\/uploads\/2017\/10\/binissalem-1-300x191.jpg 300w, https:\/\/www.vacalia.com\/blog\/wp-content\/uploads\/2017\/10\/binissalem-1-768x489.jpg 768w, https:\/\/www.vacalia.com\/blog\/wp-content\/uploads\/2017\/10\/binissalem-1-1050x668.jpg 1050w, https:\/\/www.vacalia.com\/blog\/wp-content\/uploads\/2017\/10\/binissalem-1.jpg 1100w\" sizes=\"(max-width: 1024px) 100vw, 1024px\" \/><\/a><\/p>\n<p><strong>23:00 p.m.:<\/strong> Despu\u00e9s de una deliciosa cena, algunos cocktails y seguro que muchas risas, es hora de volver a casa y descansar porque ma\u00f1ana toca otro d\u00eda de aventuras. Esperamos que hay\u00e1is disfrutado!<\/p>\n<p><a href=\"https:\/\/www.vacalia.com\"><img loading=\"lazy\" decoding=\"async\" class=\"aligncenter size-full wp-image-879\" src=\"https:\/\/www.vacalia.com\/blog\/wp-content\/uploads\/2017\/10\/audrey-hepburn-antifaz-y-gato-desayuno-con-iamantes-1.jpg\" alt=\"Un d\u00eda de Oto\u00f1o en Mallorca: nordeste\" width=\"540\" height=\"305\" srcset=\"https:\/\/www.vacalia.com\/blog\/wp-content\/uploads\/2017\/10\/audrey-hepburn-antifaz-y-gato-desayuno-con-iamantes-1.jpg 540w, https:\/\/www.vacalia.com\/blog\/wp-content\/uploads\/2017\/10\/audrey-hepburn-antifaz-y-gato-desayuno-con-iamantes-1-300x169.jpg 300w\" sizes=\"(max-width: 767px) 100vw, 540px\" \/><\/a><\/p>\n\n<div class=\"bannerBlog\"><div class=\"new-card-houses\">\n    <div class=\"likeOut likeDivOut\" style=\"display:none\">\n        <a data-id=\"5016\" class=\"likeOut_button_red likeBtnFav\"\n            aria-label=\"Megusta Vacalia\"><\/a>\n    <\/div>\n    <figure>\n        <img loading=\"lazy\" decoding=\"async\" \n            loading=\"lazy\" width=\"301\" height=\"200\"\n            src=\"\/\/media.vacalia.com\/photo\/reformatwebpfolder\/350\/200\/5016\/thumb-middle\/5016_fe0220e60aecc5db89312187a4ac54e7.webp?v=21092023\"\n            alt=\"Gossalba - Alquiler vacacional en Sant Joan\"\/>\n                                                                        <div class=\"circleDiscount\">-8%<\/div>\n                        <\/figure>\n    <p itemprop=\"address\"><i class=\"ico-marker\"><\/i>Sant Joan, Mallorca<\/p>\n    <h3 itemprop=\"name\">Gossalba<\/h3>\n    <ul class=\"icon_list inline_list\">\n                              <li class=\"ico-pool\" title=\"Piscina\">\n              <span itemprop=\"amenityFeature\">Piscina<\/span>\n            <\/li>\n                      <li class=\"ico-airConditioning\" title=\"Aire Acondicionado\">\n              <span itemprop=\"amenityFeature\">Aire Acondicionado<\/span>\n            <\/li>\n                      <li class=\"ico-wifi\" title=\"Wifi\">\n              <span itemprop=\"amenityFeature\">Wifi<\/span>\n            <\/li>\n                          <li class=\"ico-guests\" title=\"Para 2 hu\u00e9spedes en Sant Joan.\">\n          <span itemprop=\"occupancy\">2<\/span>\n        <\/li>\n    <\/ul>\n            <span class=\"price\">Desde 133\u20ac \/ noche<\/span>\n                <a itemprop=\"url\" class=\"anchor\" href=\"https:\/\/www.vacalia.com\/es\/habitacion-de-hotel-gossalba-sant-joan-h29338\" aria-label=\"Gossalba\"><\/a>\n<\/div><div class=\"new-card-houses\">\n    <div class=\"likeOut likeDivOut\" style=\"display:none\">\n        <a data-id=\"5585\" class=\"likeOut_button_red likeBtnFav\"\n            aria-label=\"Megusta Vacalia\"><\/a>\n    <\/div>\n    <figure>\n        <img loading=\"lazy\" decoding=\"async\" \n            loading=\"lazy\" width=\"301\" height=\"200\"\n            src=\"\/\/media.vacalia.com\/photo\/reformatwebpfolder\/350\/200\/5585\/thumb-middle\/5585_0cf9c3b0c60a98e22922319c053a84be.webp?v=21092023\"\n            alt=\"Can llobera d&#039;ullar\u00f3 - Alquiler vacacional en Ullar\u00f3\"\/>\n                                                                        <div class=\"circleDiscount\">-29%<\/div>\n                        <\/figure>\n    <p itemprop=\"address\"><i class=\"ico-marker\"><\/i>Ullar\u00f3, Mallorca<\/p>\n    <h3 itemprop=\"name\">Can llobera d&#039;ullar\u00f3<\/h3>\n    <ul class=\"icon_list inline_list\">\n                              <li class=\"ico-pool\" title=\"Piscina\">\n              <span itemprop=\"amenityFeature\">Piscina<\/span>\n            <\/li>\n                      <li class=\"ico-airConditioning\" title=\"Aire Acondicionado\">\n              <span itemprop=\"amenityFeature\">Aire Acondicionado<\/span>\n            <\/li>\n                      <li class=\"ico-wifi\" title=\"Wifi\">\n              <span itemprop=\"amenityFeature\">Wifi<\/span>\n            <\/li>\n                          <li class=\"ico-guests\" title=\"Para 10 hu\u00e9spedes en Ullar\u00f3.\">\n          <span itemprop=\"occupancy\">10<\/span>\n        <\/li>\n    <\/ul>\n            <span class=\"price\">Desde 204\u20ac \/ noche<\/span>\n                <a itemprop=\"url\" class=\"anchor\" href=\"https:\/\/www.vacalia.com\/es\/villa-can-llobera-dullaro-campanet-h31682\" aria-label=\"Can llobera d&#039;ullar\u00f3\"><\/a>\n<\/div><\/div>\n","protected":false},"excerpt":{"rendered":"<p>Mallorca es una isla preciosa que no es que pueda, es que debe ser visitada durante cada estaci\u00f3n al menos una vez en la vida. Queremos empezar una serie de&hellip;<\/p>\n","protected":false},"author":2,"featured_media":0,"comment_status":"closed","ping_status":"open","sticky":false,"template":"","format":"standard","meta":{"_monsterinsights_skip_tracking":false,"_monsterinsights_sitenote_active":false,"_monsterinsights_sitenote_note":"","_monsterinsights_sitenote_category":0,"footnotes":""},"categories":[1],"tags":[],"class_list":["post-877","post","type-post","status-publish","format-standard","hentry","category-general-es"],"_links":{"self":[{"href":"https:\/\/www.vacalia.com\/blog\/wp-json\/wp\/v2\/posts\/877"}],"collection":[{"href":"https:\/\/www.vacalia.com\/blog\/wp-json\/wp\/v2\/posts"}],"about":[{"href":"https:\/\/www.vacalia.com\/blog\/wp-json\/wp\/v2\/types\/post"}],"author":[{"embeddable":true,"href":"https:\/\/www.vacalia.com\/blog\/wp-json\/wp\/v2\/users\/2"}],"replies":[{"embeddable":true,"href":"https:\/\/www.vacalia.com\/blog\/wp-json\/wp\/v2\/comments?post=877"}],"version-history":[{"count":5,"href":"https:\/\/www.vacalia.com\/blog\/wp-json\/wp\/v2\/posts\/877\/revisions"}],"predecessor-version":[{"id":4797,"href":"https:\/\/www.vacalia.com\/blog\/wp-json\/wp\/v2\/posts\/877\/revisions\/4797"}],"wp:attachment":[{"href":"https:\/\/www.vacalia.com\/blog\/wp-json\/wp\/v2\/media?parent=877"}],"wp:term":[{"taxonomy":"category","embeddable":true,"href":"https:\/\/www.vacalia.com\/blog\/wp-json\/wp\/v2\/categories?post=877"},{"taxonomy":"post_tag","embeddable":true,"href":"https:\/\/www.vacalia.com\/blog\/wp-json\/wp\/v2\/tags?post=877"}],"curies":[{"name":"wp","href":"https:\/\/api.w.org\/{rel}","templated":true}]}}