{"id":955,"date":"2017-11-13T09:14:27","date_gmt":"2017-11-13T09:14:27","guid":{"rendered":"https:\/\/www.vacalia.com\/blog\/?p=955"},"modified":"2024-02-14T12:21:21","modified_gmt":"2024-02-14T11:21:21","slug":"3-tage-im-sueden-von-mallorca","status":"publish","type":"post","link":"https:\/\/www.vacalia.com\/blog\/3-tage-im-sueden-von-mallorca\/","title":{"rendered":"Was gibt es auf Mallorca zu sehen: 3 Tage im S\u00fcden von Mallorca"},"content":{"rendered":"<p>Wir werden nicht m\u00fcde Ihnen die facettenreiche Insel Mallorca vorzustellen, wo es von paradiesischen Str\u00e4nden, bis zu charmanten D\u00f6rfern und nat\u00fcrlich die kosmopolitische Stadt Palma zu entdecken gibt. Wir bei Vacalia m\u00f6chten Ihnen gerne von den tollen Dingen erz\u00e4hlen, die es auf der Insel zu entdecken gibt und werden aus diesem Grund auch nicht m\u00fcde Beitr\u00e4ge \u00fcber die verschieden Orte zu ver\u00f6ffentlichen, die Sie auf der Insel besuchen k\u00f6nnen.<\/p>\n<p><a href=\"https:\/\/www.vacalia.com\"><img fetchpriority=\"high\" decoding=\"async\" class=\"aligncenter size-large wp-image-980\" src=\"https:\/\/www.vacalia.com\/blog\/wp-content\/uploads\/2017\/11\/VACALIA-POST-FACEBOOK-1024x536.png\" alt=\"Was gibt es auf Mallorca zu sehen\" width=\"1024\" height=\"536\" srcset=\"https:\/\/www.vacalia.com\/blog\/wp-content\/uploads\/2017\/11\/VACALIA-POST-FACEBOOK-1024x536.png 1024w, https:\/\/www.vacalia.com\/blog\/wp-content\/uploads\/2017\/11\/VACALIA-POST-FACEBOOK-300x157.png 300w, https:\/\/www.vacalia.com\/blog\/wp-content\/uploads\/2017\/11\/VACALIA-POST-FACEBOOK-768x402.png 768w, https:\/\/www.vacalia.com\/blog\/wp-content\/uploads\/2017\/11\/VACALIA-POST-FACEBOOK-1050x550.png 1050w, https:\/\/www.vacalia.com\/blog\/wp-content\/uploads\/2017\/11\/VACALIA-POST-FACEBOOK.png 1200w\" sizes=\"(max-width: 1024px) 100vw, 1024px\" \/><\/a><\/p>\n<p><!--more--><\/p>\n<p>Wenn Sie den S\u00fcden Mallorcas schon kennen, empfehlen wir weiter zu lesen, falls Ihnen eine Ecke entgangen ist die Sie jetzt vielleicht gerne entdecken m\u00f6chten. Allen denjenigen, die noch nicht im S\u00fcden Mallorcas waren, empfehlen wir sich jedes Detail anzuschauen und nat\u00fcrlich jeden der wundervollen Orte, die wir weiter unten beschreiben, zu besuchen.<\/p>\n<p>\u00dcbrigens!<\/p>\n<p>Haben Sie schon die Beitr\u00e4ge \u00fcber den Norden und Nordosten Mallorcas gelesen?<\/p>\n<p><a href=\"https:\/\/www.vacalia.com\/blog\/die-besten-ferienhaeuser-im-norden-mallorcas\/\">&#8211; Norden von Mallorca.<\/a><\/p>\n<p><a href=\"https:\/\/www.vacalia.com\/blog\/ein-herbsttag-im-nordosten-mallorcas\/\">&#8211; Nordosten von Mallorca.<\/a><\/p>\n<p>Wie wir bereits gesagt haben, m\u00f6chten wir Ihnen in diesem Beitrag beschreiben, was Sie im S\u00fcden Mallorcas sehen k\u00f6nnen. Beginnen wir also das Abenteuer und ich bin mir sicher, dass Sie es nicht bereuen werden:<\/p>\n<h2 class=\"post-item__subtitle\">Was gibt es auf Mallorca zu sehen: erster Tag im S\u00fcden von Mallorca<\/h2>\n<p>Stellen Sie sich vor Sie erwachen auf einer sch\u00f6nen Finca auf dem Land, fernab vom Trubel, z.B:<\/p>\n<p><a href=\"https:\/\/www.vacalia.com\/de\/landhotel-es-rafal-roig-galiner-manacor-h18015\">Rafal Galliner<\/a><\/p>\n<p><a href=\"https:\/\/www.vacalia.com\"><img decoding=\"async\" class=\"aligncenter size-large wp-image-973\" src=\"https:\/\/www.vacalia.com\/blog\/wp-content\/uploads\/2017\/11\/2353_407d619f1b1f45377f6a5f96e50c0950-1-1024x680.jpg\" alt=\"Was gibt es auf Mallorca zu sehen\" width=\"1024\" height=\"680\" srcset=\"https:\/\/www.vacalia.com\/blog\/wp-content\/uploads\/2017\/11\/2353_407d619f1b1f45377f6a5f96e50c0950-1-1024x680.jpg 1024w, https:\/\/www.vacalia.com\/blog\/wp-content\/uploads\/2017\/11\/2353_407d619f1b1f45377f6a5f96e50c0950-1-300x199.jpg 300w, https:\/\/www.vacalia.com\/blog\/wp-content\/uploads\/2017\/11\/2353_407d619f1b1f45377f6a5f96e50c0950-1-768x510.jpg 768w, https:\/\/www.vacalia.com\/blog\/wp-content\/uploads\/2017\/11\/2353_407d619f1b1f45377f6a5f96e50c0950-1-1050x698.jpg 1050w, https:\/\/www.vacalia.com\/blog\/wp-content\/uploads\/2017\/11\/2353_407d619f1b1f45377f6a5f96e50c0950-1-1600x1063.jpg 1600w\" sizes=\"(max-width: 1024px) 100vw, 1024px\" \/><\/a><br \/>\n<a href=\"https:\/\/www.vacalia.com\/de\/landhotel-son-sureda-sureda-figueral-manacor-h17904\">Sureda Figueral<\/a><\/p>\n<p><a href=\"https:\/\/www.vacalia.com\"><img decoding=\"async\" class=\"aligncenter size-large wp-image-983\" src=\"https:\/\/www.vacalia.com\/blog\/wp-content\/uploads\/2017\/11\/2322_64890a5af8fd1b7ac5147f9d58181bf3-1-1024x680.jpg\" alt=\"Was gibt es auf Mallorca zu sehen\" width=\"1024\" height=\"680\" srcset=\"https:\/\/www.vacalia.com\/blog\/wp-content\/uploads\/2017\/11\/2322_64890a5af8fd1b7ac5147f9d58181bf3-1-1024x680.jpg 1024w, https:\/\/www.vacalia.com\/blog\/wp-content\/uploads\/2017\/11\/2322_64890a5af8fd1b7ac5147f9d58181bf3-1-300x199.jpg 300w, https:\/\/www.vacalia.com\/blog\/wp-content\/uploads\/2017\/11\/2322_64890a5af8fd1b7ac5147f9d58181bf3-1-768x510.jpg 768w, https:\/\/www.vacalia.com\/blog\/wp-content\/uploads\/2017\/11\/2322_64890a5af8fd1b7ac5147f9d58181bf3-1-1050x698.jpg 1050w, https:\/\/www.vacalia.com\/blog\/wp-content\/uploads\/2017\/11\/2322_64890a5af8fd1b7ac5147f9d58181bf3-1-1600x1063.jpg 1600w\" sizes=\"(max-width: 1024px) 100vw, 1024px\" \/><\/a><br \/>\n<a href=\"https:\/\/www.vacalia.com\/de\/villa-sa-marina-antena-manacor-h17520\">Antena<\/a><\/p>\n<p><a href=\"https:\/\/www.vacalia.com\"><img loading=\"lazy\" decoding=\"async\" class=\"aligncenter size-large wp-image-982\" src=\"https:\/\/www.vacalia.com\/blog\/wp-content\/uploads\/2017\/11\/2094_a9e5d27d6a945d9e820a1921e0a52725-1-1024x678.jpg\" alt=\"Was gibt es auf Mallorca zu sehen\" width=\"1024\" height=\"678\" srcset=\"https:\/\/www.vacalia.com\/blog\/wp-content\/uploads\/2017\/11\/2094_a9e5d27d6a945d9e820a1921e0a52725-1-1024x678.jpg 1024w, https:\/\/www.vacalia.com\/blog\/wp-content\/uploads\/2017\/11\/2094_a9e5d27d6a945d9e820a1921e0a52725-1-300x199.jpg 300w, https:\/\/www.vacalia.com\/blog\/wp-content\/uploads\/2017\/11\/2094_a9e5d27d6a945d9e820a1921e0a52725-1-768x509.jpg 768w, https:\/\/www.vacalia.com\/blog\/wp-content\/uploads\/2017\/11\/2094_a9e5d27d6a945d9e820a1921e0a52725-1-1050x696.jpg 1050w, https:\/\/www.vacalia.com\/blog\/wp-content\/uploads\/2017\/11\/2094_a9e5d27d6a945d9e820a1921e0a52725-1-1600x1060.jpg 1600w\" sizes=\"(max-width: 1024px) 100vw, 1024px\" \/><\/a><br \/>\nAlso ist Manacor der n\u00e4chstgelegene Ort. Diese wundersch\u00f6ne und antike Stadt liegt im S\u00fcden von Mallorca und ist eine der gr\u00f6\u00dften Gemeinden Mallorcas. Hier finden Sie au\u00dfer sch\u00f6ner Buchten und H\u00e4fen auch antike Baudenkm\u00e4ler, die Sie sicherlich lieben werden.<\/p>\n<p>Starten Sie den ersten Tag mit einem Besuch der Kirche und des Claustre de Sant Vicen\u00e7, zwei sch\u00f6ne Geb\u00e4ude aus dem 16. und 17. Jahrhundert an der Plaza del Convent. F\u00fcr einen garantiert sch\u00f6nen Morgen sorgt ein Spaziergang durch die Altstadt, wo sich der Torre del Palau und das Institut Moss\u00e8n Alcover befinden, es lohnt sich vorbeizuschauen!<\/p>\n<p><a href=\"https:\/\/www.vacalia.com\"><img loading=\"lazy\" decoding=\"async\" class=\"aligncenter size-large wp-image-979\" src=\"https:\/\/www.vacalia.com\/blog\/wp-content\/uploads\/2017\/11\/Iglesia_San_Vicente_Ferrer_Manacor_02-1-1024x687.jpg\" alt=\"Was gibt es auf Mallorca zu sehen\" width=\"1024\" height=\"687\" srcset=\"https:\/\/www.vacalia.com\/blog\/wp-content\/uploads\/2017\/11\/Iglesia_San_Vicente_Ferrer_Manacor_02-1-1024x687.jpg 1024w, https:\/\/www.vacalia.com\/blog\/wp-content\/uploads\/2017\/11\/Iglesia_San_Vicente_Ferrer_Manacor_02-1-300x201.jpg 300w, https:\/\/www.vacalia.com\/blog\/wp-content\/uploads\/2017\/11\/Iglesia_San_Vicente_Ferrer_Manacor_02-1-768x516.jpg 768w, https:\/\/www.vacalia.com\/blog\/wp-content\/uploads\/2017\/11\/Iglesia_San_Vicente_Ferrer_Manacor_02-1-1050x705.jpg 1050w, https:\/\/www.vacalia.com\/blog\/wp-content\/uploads\/2017\/11\/Iglesia_San_Vicente_Ferrer_Manacor_02-1-1600x1074.jpg 1600w, https:\/\/www.vacalia.com\/blog\/wp-content\/uploads\/2017\/11\/Iglesia_San_Vicente_Ferrer_Manacor_02-1.jpg 1895w\" sizes=\"(max-width: 1024px) 100vw, 1024px\" \/><\/a><\/p>\n<p>F\u00fcr das Mittagessen empfehlen wir ein typisches \u201cCeller\u201d, wo Sie die beste mallorquinische K\u00fcche kosten k\u00f6nnen. Nach dem Essen ist es Zeit f\u00fcr einen Bummel durch Portocristo, den Hafen von Manacor.<\/p>\n<p>Portocristo geh\u00f6rt zur Gemeinde von Mancor und hat aus diesem Grund diesen Zusatznamen: Hafen von Manacor. Der Weg entlang des Meeres ist bezaubernd, es lassen sich die Coves Blanques (weisse H\u00f6hlen vor dem Meer) entdecken oder tauchen Sie tiefer in den Untergrund Mallorcas und besuchen Sie die H\u00f6hlen des Drach (Drachenh\u00f6hlen). Bei dem breiten Spektrum von M\u00f6glichkeiten ist f\u00fcr jeden etwas dabei und l\u00e4sst Sie jede Sekunde in dieser speziellen Ecke Mallorcas geniessen.<\/p>\n<p><a href=\"https:\/\/www.vacalia.com\"><img loading=\"lazy\" decoding=\"async\" class=\"aligncenter size-full wp-image-981\" src=\"https:\/\/www.vacalia.com\/blog\/wp-content\/uploads\/2017\/11\/beach-695095_960_720-1.jpg\" alt=\"Was gibt es auf Mallorca zu sehen\" width=\"960\" height=\"720\" srcset=\"https:\/\/www.vacalia.com\/blog\/wp-content\/uploads\/2017\/11\/beach-695095_960_720-1.jpg 960w, https:\/\/www.vacalia.com\/blog\/wp-content\/uploads\/2017\/11\/beach-695095_960_720-1-300x225.jpg 300w, https:\/\/www.vacalia.com\/blog\/wp-content\/uploads\/2017\/11\/beach-695095_960_720-1-768x576.jpg 768w\" sizes=\"(max-width: 960px) 100vw, 960px\" \/><\/a><\/p>\n<h2 class=\"post-item__subtitle\">Was gibt es auf Mallorca zu sehen: zweiter Tag im S\u00fcden von Mallorca<\/h2>\n<p>Es ist Zeit den zweiten Tag im S\u00fcden von Mallorca zu beginnen und sicher fragen Sie sich was Sie heute an diesem sch\u00f6nen Ankerplatz der Insel unternehmen k\u00f6nnen. F\u00fcr einen weiteren Traumtag starten Sie heute Richtung Felanitx, unweit von Manacor gelegen.<\/p>\n<p><a href=\"https:\/\/www.vacalia.com\"><img loading=\"lazy\" decoding=\"async\" class=\"aligncenter size-large wp-image-978\" src=\"https:\/\/www.vacalia.com\/blog\/wp-content\/uploads\/2017\/11\/Felanitx_-_Pla\u00e7a_de_sa_Font_de_Santa_Margalida_01_ies-1-1024x683.jpg\" alt=\"Was gibt es auf Mallorca zu sehen\" width=\"1024\" height=\"683\" srcset=\"https:\/\/www.vacalia.com\/blog\/wp-content\/uploads\/2017\/11\/Felanitx_-_Pla\u00e7a_de_sa_Font_de_Santa_Margalida_01_ies-1-1024x683.jpg 1024w, https:\/\/www.vacalia.com\/blog\/wp-content\/uploads\/2017\/11\/Felanitx_-_Pla\u00e7a_de_sa_Font_de_Santa_Margalida_01_ies-1-300x200.jpg 300w, https:\/\/www.vacalia.com\/blog\/wp-content\/uploads\/2017\/11\/Felanitx_-_Pla\u00e7a_de_sa_Font_de_Santa_Margalida_01_ies-1-768x512.jpg 768w, https:\/\/www.vacalia.com\/blog\/wp-content\/uploads\/2017\/11\/Felanitx_-_Pla\u00e7a_de_sa_Font_de_Santa_Margalida_01_ies-1-1050x700.jpg 1050w, https:\/\/www.vacalia.com\/blog\/wp-content\/uploads\/2017\/11\/Felanitx_-_Pla\u00e7a_de_sa_Font_de_Santa_Margalida_01_ies-1-1600x1067.jpg 1600w\" sizes=\"(max-width: 1024px) 100vw, 1024px\" \/><\/a><\/p>\n<p>Die gro\u00dfe Altstadt von Felanitx beherbergt unter anderem die Kirche von San Miguel, aus dem 16. Jahrhundert und das grandiose Schloss von Santueri. Charmante Ortschaften au\u00dferhalb des Stadtkerns sind z.B. Son Prohens, Es Carritx\u00f3, S\u2019 Horta \u00a0und Cas Concos, hier k\u00f6nnen Sie eine Weile die Natur und Ruhe genie\u00dfen, w\u00e4hrend Sie die Sch\u00f6nheit dieser Zufluchtsorte bewundern.<\/p>\n<p>F\u00fcr die Mittagspause empfehlen wir Ihnen heute einen Strand wie Cala Mar\u00e7al oder s\u2019Arenal, um danach Richtung Portocolom, den nat\u00fcrlichen Hafen von Felanitx, weiterzufahren. In den Abendstunden werden Sie vom Schauspiel des Sonnenuntergangs, mit seiner Farbenpracht die sich auf dem Meer spiegelt, begeistert sein.<\/p>\n<p><a href=\"https:\/\/www.vacalia.com\"><img loading=\"lazy\" decoding=\"async\" class=\"aligncenter size-full wp-image-977\" src=\"https:\/\/www.vacalia.com\/blog\/wp-content\/uploads\/2017\/11\/confianza-porto-colom-850x478-1.jpg\" alt=\"Was gibt es auf Mallorca zu sehen\" width=\"850\" height=\"478\" srcset=\"https:\/\/www.vacalia.com\/blog\/wp-content\/uploads\/2017\/11\/confianza-porto-colom-850x478-1.jpg 850w, https:\/\/www.vacalia.com\/blog\/wp-content\/uploads\/2017\/11\/confianza-porto-colom-850x478-1-300x169.jpg 300w, https:\/\/www.vacalia.com\/blog\/wp-content\/uploads\/2017\/11\/confianza-porto-colom-850x478-1-768x432.jpg 768w\" sizes=\"(max-width: 850px) 100vw, 850px\" \/><\/a><\/p>\n<p>Porto Petro bietet sich ohne Zweifel f\u00fcr ein romantisches Abendessens an. Allein der Ausblick auf das t\u00fcrkise Mittelmeer, in dieser idyllischen Bucht, macht jedes Abendessen zu einem Luxus.<\/p>\n<p><a href=\"https:\/\/www.vacalia.com\"><img loading=\"lazy\" decoding=\"async\" class=\"aligncenter size-full wp-image-976\" src=\"https:\/\/www.vacalia.com\/blog\/wp-content\/uploads\/2017\/11\/0679_SIDE_IMG_2535-1.jpg\" alt=\"Was gibt es auf Mallorca zu sehen\" width=\"800\" height=\"450\" srcset=\"https:\/\/www.vacalia.com\/blog\/wp-content\/uploads\/2017\/11\/0679_SIDE_IMG_2535-1.jpg 800w, https:\/\/www.vacalia.com\/blog\/wp-content\/uploads\/2017\/11\/0679_SIDE_IMG_2535-1-300x169.jpg 300w, https:\/\/www.vacalia.com\/blog\/wp-content\/uploads\/2017\/11\/0679_SIDE_IMG_2535-1-768x432.jpg 768w\" sizes=\"(max-width: 800px) 100vw, 800px\" \/><\/a><\/p>\n<h2 class=\"post-item__subtitle\">Was gibt es auf Mallorca zu sehen: dritter Tag im S\u00fcden von Mallorca<\/h2>\n<p>F\u00fcr den letzten Tag haben wir uns einige der sch\u00f6nsten Buchten im S\u00fcden \u00fcbrig gelassen. Ohne Zweifel ist Santanyi eine der charmantesten Gemeinden der Insel. Sie machen sich also am Morgen auf den Weg in die Cala Mondrag\u00f3, eine wundersch\u00f6ne Bucht im Naturschutzgebiet des Naturparks Mondrag\u00f3, wo Sie in so klarem Wasser schwimmen k\u00f6nnen, dass es einem nat\u00fcrlichen Schwimmbad gleicht.<\/p>\n<p><a href=\"https:\/\/www.vacalia.com\"><img loading=\"lazy\" decoding=\"async\" class=\"aligncenter size-large wp-image-975\" src=\"https:\/\/www.vacalia.com\/blog\/wp-content\/uploads\/2017\/11\/Mallorca_sch\u00f6nste_Str\u00e4nde_Cala_Mondrago_30512903380-1-1024x768.jpg\" alt=\"Was gibt es auf Mallorca zu sehen\" width=\"1024\" height=\"768\" srcset=\"https:\/\/www.vacalia.com\/blog\/wp-content\/uploads\/2017\/11\/Mallorca_sch\u00f6nste_Str\u00e4nde_Cala_Mondrago_30512903380-1-1024x768.jpg 1024w, https:\/\/www.vacalia.com\/blog\/wp-content\/uploads\/2017\/11\/Mallorca_sch\u00f6nste_Str\u00e4nde_Cala_Mondrago_30512903380-1-300x225.jpg 300w, https:\/\/www.vacalia.com\/blog\/wp-content\/uploads\/2017\/11\/Mallorca_sch\u00f6nste_Str\u00e4nde_Cala_Mondrago_30512903380-1-768x576.jpg 768w, https:\/\/www.vacalia.com\/blog\/wp-content\/uploads\/2017\/11\/Mallorca_sch\u00f6nste_Str\u00e4nde_Cala_Mondrago_30512903380-1-1050x787.jpg 1050w, https:\/\/www.vacalia.com\/blog\/wp-content\/uploads\/2017\/11\/Mallorca_sch\u00f6nste_Str\u00e4nde_Cala_Mondrago_30512903380-1-1600x1199.jpg 1600w\" sizes=\"(max-width: 1024px) 100vw, 1024px\" \/><\/a><\/p>\n<p>Da sich die Cala Santanyi nicht weit weg von der Cala Mondrag\u00f3 befindet, bietet es sich an die Mittagspause hier zu gestalten. Es gibt eine Vielzahl von Restaurants und die Bucht wird Sie, schlichtweg, mit ihrer Sch\u00f6nheit beeindrucken.<\/p>\n<p>Nutzen Sie die Gelegenheit und fahren Sie am Nachmittag in die benachbarte Cala Figuera, die mit ihrem wundersch\u00f6nen, nat\u00fcrlichen Hafen lockt. Der Hafen entsteht aus einer L\u00fccke zwischen Land und Meer und ist von Klippen ges\u00e4umt. Bei einem Abendessen, in einem der dutzenden Restaurant von Cala Figuera, \u00a0k\u00f6nnen Sie die Natur in ihrer ganzen Pracht bewundern.<\/p>\n<p><a href=\"https:\/\/www.vacalia.com\"><img loading=\"lazy\" decoding=\"async\" class=\"aligncenter size-large wp-image-974\" src=\"https:\/\/www.vacalia.com\/blog\/wp-content\/uploads\/2017\/11\/Cala-figuera-hafen-2013-mallorca-1-1024x683.jpg\" alt=\"Was gibt es auf Mallorca zu sehen\" width=\"1024\" height=\"683\" srcset=\"https:\/\/www.vacalia.com\/blog\/wp-content\/uploads\/2017\/11\/Cala-figuera-hafen-2013-mallorca-1-1024x683.jpg 1024w, https:\/\/www.vacalia.com\/blog\/wp-content\/uploads\/2017\/11\/Cala-figuera-hafen-2013-mallorca-1-300x200.jpg 300w, https:\/\/www.vacalia.com\/blog\/wp-content\/uploads\/2017\/11\/Cala-figuera-hafen-2013-mallorca-1-768x512.jpg 768w, https:\/\/www.vacalia.com\/blog\/wp-content\/uploads\/2017\/11\/Cala-figuera-hafen-2013-mallorca-1-1050x700.jpg 1050w, https:\/\/www.vacalia.com\/blog\/wp-content\/uploads\/2017\/11\/Cala-figuera-hafen-2013-mallorca-1.jpg 1200w\" sizes=\"(max-width: 1024px) 100vw, 1024px\" \/><\/a><\/p>\n<h2 class=\"post-item__subtitle\">Alles was es auf Mallorca zu sehen gibt<\/h2>\n<p>Sicher haben wir noch hunderte von idyllischen Orten auf diesen Wegen ausgelassen, dieser Blog gibt nur Anhaltspunkte. Es wartet noch viel mehr darauf, von Ihnen entdeckt zu werden, kommen Sie vorbei und vollenden Sie was wir gerade begonnen haben.<\/p>\n<p>Gute Reise!<\/p>\n\n<div class=\"bannerBlog\"><div class=\"new-card-houses\">\n    <div class=\"likeOut likeDivOut\" style=\"display:none\">\n        <a data-id=\"244\" class=\"likeOut_button_red likeBtnFav\"\n            aria-label=\"Megusta Vacalia\"><\/a>\n    <\/div>\n    <figure>\n        <img loading=\"lazy\" decoding=\"async\" \n            loading=\"lazy\" width=\"301\" height=\"200\"\n            src=\"\/\/media.vacalia.com\/photo\/reformatwebpfolder\/350\/200\/244\/thumb-middle\/244_2ed19567394c76fae10ada9c0707a3d0.webp?v=21092023\"\n            alt=\"Es figueral - Ferienhaus auf Campos\"\/>\n                                                                        <div class=\"circleDiscount\">-20%<\/div>\n                        <\/figure>\n    <p itemprop=\"address\"><i class=\"ico-marker\"><\/i>Campos, Mallorca<\/p>\n    <h3 itemprop=\"name\">Es figueral<\/h3>\n    <ul class=\"icon_list inline_list\">\n                              <li class=\"ico-pool\" title=\"Pool\">\n              <span itemprop=\"amenityFeature\">Pool<\/span>\n            <\/li>\n                      <li class=\"ico-airConditioning\" title=\"Klimaanlage\">\n              <span itemprop=\"amenityFeature\">Klimaanlage<\/span>\n            <\/li>\n                      <li class=\"ico-wifi\" title=\"Wifi\">\n              <span itemprop=\"amenityFeature\">Wifi<\/span>\n            <\/li>\n                      <li class=\"ico-pets\" title=\"Haustiere\">\n              <span itemprop=\"amenityFeature\">Haustiere<\/span>\n            <\/li>\n                          <li class=\"ico-guests\" title=\"F\u00fcr 8 G\u00e4ste in Campos.\">\n          <span itemprop=\"occupancy\">8<\/span>\n        <\/li>\n    <\/ul>\n            <span class=\"price\">Ab 160\u20ac \/ Nacht<\/span>\n                <a itemprop=\"url\" class=\"anchor\" href=\"https:\/\/www.vacalia.com\/de\/villa-es-figueral-campos-h14952\" aria-label=\"Es figueral\"><\/a>\n<\/div><div class=\"new-card-houses\">\n    <div class=\"likeOut likeDivOut\" style=\"display:none\">\n        <a data-id=\"186\" class=\"likeOut_button_red likeBtnFav\"\n            aria-label=\"Megusta Vacalia\"><\/a>\n    <\/div>\n    <figure>\n        <img loading=\"lazy\" decoding=\"async\" \n            loading=\"lazy\" width=\"301\" height=\"200\"\n            src=\"\/\/media.vacalia.com\/photo\/reformatwebpfolder\/350\/200\/186\/thumb-middle\/186_db4742ab0299c21ce5b312179f637ca9.webp?v=21092023\"\n            alt=\"Casa catalina sarola - Ferienhaus auf Campanet\"\/>\n                                                                        <div class=\"circleDiscount\">-29%<\/div>\n                        <\/figure>\n    <p itemprop=\"address\"><i class=\"ico-marker\"><\/i>Campanet, Mallorca<\/p>\n    <h3 itemprop=\"name\">Casa catalina sarola<\/h3>\n    <ul class=\"icon_list inline_list\">\n                              <li class=\"ico-pool\" title=\"Pool\">\n              <span itemprop=\"amenityFeature\">Pool<\/span>\n            <\/li>\n                      <li class=\"ico-airConditioning\" title=\"Klimaanlage\">\n              <span itemprop=\"amenityFeature\">Klimaanlage<\/span>\n            <\/li>\n                      <li class=\"ico-wifi\" title=\"Wifi\">\n              <span itemprop=\"amenityFeature\">Wifi<\/span>\n            <\/li>\n                          <li class=\"ico-guests\" title=\"F\u00fcr 10 G\u00e4ste in Campanet.\">\n          <span itemprop=\"occupancy\">10<\/span>\n        <\/li>\n    <\/ul>\n            <span class=\"price\">Ab 146\u20ac \/ Nacht<\/span>\n                <a itemprop=\"url\" class=\"anchor\" href=\"https:\/\/www.vacalia.com\/de\/villa-casa-catalina-sarola-campanet-h14814\" aria-label=\"Casa catalina sarola\"><\/a>\n<\/div><\/div>\n","protected":false},"excerpt":{"rendered":"<p>Wir werden nicht m\u00fcde Ihnen die facettenreiche Insel Mallorca vorzustellen, wo es von paradiesischen Str\u00e4nden, bis zu charmanten D\u00f6rfern und nat\u00fcrlich die kosmopolitische Stadt Palma zu entdecken gibt. Wir bei&hellip;<\/p>\n","protected":false},"author":2,"featured_media":0,"comment_status":"closed","ping_status":"open","sticky":false,"template":"","format":"standard","meta":{"_monsterinsights_skip_tracking":false,"_monsterinsights_sitenote_active":false,"_monsterinsights_sitenote_note":"","_monsterinsights_sitenote_category":0,"footnotes":""},"categories":[40],"tags":[],"class_list":["post-955","post","type-post","status-publish","format-standard","hentry","category-allgemein"],"_links":{"self":[{"href":"https:\/\/www.vacalia.com\/blog\/wp-json\/wp\/v2\/posts\/955"}],"collection":[{"href":"https:\/\/www.vacalia.com\/blog\/wp-json\/wp\/v2\/posts"}],"about":[{"href":"https:\/\/www.vacalia.com\/blog\/wp-json\/wp\/v2\/types\/post"}],"author":[{"embeddable":true,"href":"https:\/\/www.vacalia.com\/blog\/wp-json\/wp\/v2\/users\/2"}],"replies":[{"embeddable":true,"href":"https:\/\/www.vacalia.com\/blog\/wp-json\/wp\/v2\/comments?post=955"}],"version-history":[{"count":6,"href":"https:\/\/www.vacalia.com\/blog\/wp-json\/wp\/v2\/posts\/955\/revisions"}],"predecessor-version":[{"id":4882,"href":"https:\/\/www.vacalia.com\/blog\/wp-json\/wp\/v2\/posts\/955\/revisions\/4882"}],"wp:attachment":[{"href":"https:\/\/www.vacalia.com\/blog\/wp-json\/wp\/v2\/media?parent=955"}],"wp:term":[{"taxonomy":"category","embeddable":true,"href":"https:\/\/www.vacalia.com\/blog\/wp-json\/wp\/v2\/categories?post=955"},{"taxonomy":"post_tag","embeddable":true,"href":"https:\/\/www.vacalia.com\/blog\/wp-json\/wp\/v2\/tags?post=955"}],"curies":[{"name":"wp","href":"https:\/\/api.w.org\/{rel}","templated":true}]}}