{"id":958,"date":"2017-11-13T08:38:50","date_gmt":"2017-11-13T08:38:50","guid":{"rendered":"https:\/\/www.vacalia.com\/blog\/?p=958"},"modified":"2025-07-02T11:38:29","modified_gmt":"2025-07-02T09:38:29","slug":"que-ver-en-el-sur-de-mallorca-en-3-dias","status":"publish","type":"post","link":"https:\/\/www.vacalia.com\/blog\/es\/que-ver-en-el-sur-de-mallorca-en-3-dias\/","title":{"rendered":"Qu\u00e9 ver en el sur de Mallorca en 3 d\u00edas"},"content":{"rendered":"\t\t<div data-elementor-type=\"wp-post\" data-elementor-id=\"958\" class=\"elementor elementor-958\">\n\t\t\t\t<div class=\"elementor-element elementor-element-31abd3db e-flex e-con-boxed sc_inner_width_none sc_layouts_column_icons_position_left e-con e-parent\" data-id=\"31abd3db\" data-element_type=\"container\">\n\t\t\t\t\t<div class=\"e-con-inner\">\n\t\t\t\t<div class=\"elementor-element elementor-element-1ddbb3c5 sc_fly_static elementor-widget elementor-widget-text-editor\" data-id=\"1ddbb3c5\" data-element_type=\"widget\" data-widget_type=\"text-editor.default\">\n\t\t\t\t<div class=\"elementor-widget-container\">\n\t\t\t<style>\/*! elementor - v3.23.0 - 05-08-2024 *\/\n.elementor-widget-text-editor.elementor-drop-cap-view-stacked .elementor-drop-cap{background-color:#69727d;color:#fff}.elementor-widget-text-editor.elementor-drop-cap-view-framed .elementor-drop-cap{color:#69727d;border:3px solid;background-color:transparent}.elementor-widget-text-editor:not(.elementor-drop-cap-view-default) .elementor-drop-cap{margin-top:8px}.elementor-widget-text-editor:not(.elementor-drop-cap-view-default) .elementor-drop-cap-letter{width:1em;height:1em}.elementor-widget-text-editor .elementor-drop-cap{float:left;text-align:center;line-height:1;font-size:50px}.elementor-widget-text-editor .elementor-drop-cap-letter{display:inline-block}<\/style>\t\t\t\t<p>No nos cansamos de deciros que Mallorca es una isla polifac\u00e9tica en la que podr\u00e9is descubrir desde playas paradis\u00edacas hasta pueblos con encanto, pasando por la cosmopolita ciudad de Palma. Y es que en Vacalia tenemos tantas ganas de contaros c\u00f3mo es nuestra isla y las cosas que ver en Mallorca, que no nos cansamos de hacer posts sobre los diferentes lugares que pod\u00e9is visitar.<\/p>\n<p><a href=\"https:\/\/www.vacalia.com\"><img fetchpriority=\"high\" decoding=\"async\" class=\"aligncenter size-large wp-image-962\" src=\"https:\/\/www.vacalia.com\/blog\/wp-content\/uploads\/2017\/11\/VACALIA-POST-FACEBOOK-1024x536.jpg\" alt=\"que ver en el sur de Mallorca\" width=\"1024\" height=\"536\" srcset=\"https:\/\/www.vacalia.com\/blog\/wp-content\/uploads\/2017\/11\/VACALIA-POST-FACEBOOK-1024x536.jpg 1024w, https:\/\/www.vacalia.com\/blog\/wp-content\/uploads\/2017\/11\/VACALIA-POST-FACEBOOK-300x157.jpg 300w, https:\/\/www.vacalia.com\/blog\/wp-content\/uploads\/2017\/11\/VACALIA-POST-FACEBOOK-768x402.jpg 768w, https:\/\/www.vacalia.com\/blog\/wp-content\/uploads\/2017\/11\/VACALIA-POST-FACEBOOK-1050x550.jpg 1050w, https:\/\/www.vacalia.com\/blog\/wp-content\/uploads\/2017\/11\/VACALIA-POST-FACEBOOK.jpg 1200w\" sizes=\"(max-width: 1024px) 100vw, 1024px\" \/><\/a><\/p>\n<p><\/p><\/div><\/div><\/div><\/div><\/div> <a href=\"https:\/\/www.vacalia.com\/blog\/es\/que-ver-en-el-sur-de-mallorca-en-3-dias\/#more-958\" class=\"more-link elementor-more-link\"><span aria-label=\"Continue reading Qu\u00e9 ver en el sur de Mallorca en 3 d\u00edas\">(more&hellip;)<\/span><\/a>","protected":false},"excerpt":{"rendered":"<p>No nos cansamos de deciros que Mallorca es una isla polifac\u00e9tica en la que podr\u00e9is descubrir desde playas paradis\u00edacas hasta pueblos con encanto, pasando por la cosmopolita ciudad de Palma.&hellip;<\/p>\n","protected":false},"author":2,"featured_media":0,"comment_status":"closed","ping_status":"open","sticky":false,"template":"","format":"standard","meta":{"_monsterinsights_skip_tracking":false,"_monsterinsights_sitenote_active":false,"_monsterinsights_sitenote_note":"","_monsterinsights_sitenote_category":0,"footnotes":""},"categories":[1],"tags":[],"class_list":["post-958","post","type-post","status-publish","format-standard","hentry","category-general-es"],"_links":{"self":[{"href":"https:\/\/www.vacalia.com\/blog\/wp-json\/wp\/v2\/posts\/958"}],"collection":[{"href":"https:\/\/www.vacalia.com\/blog\/wp-json\/wp\/v2\/posts"}],"about":[{"href":"https:\/\/www.vacalia.com\/blog\/wp-json\/wp\/v2\/types\/post"}],"author":[{"embeddable":true,"href":"https:\/\/www.vacalia.com\/blog\/wp-json\/wp\/v2\/users\/2"}],"replies":[{"embeddable":true,"href":"https:\/\/www.vacalia.com\/blog\/wp-json\/wp\/v2\/comments?post=958"}],"version-history":[{"count":26,"href":"https:\/\/www.vacalia.com\/blog\/wp-json\/wp\/v2\/posts\/958\/revisions"}],"predecessor-version":[{"id":7312,"href":"https:\/\/www.vacalia.com\/blog\/wp-json\/wp\/v2\/posts\/958\/revisions\/7312"}],"wp:attachment":[{"href":"https:\/\/www.vacalia.com\/blog\/wp-json\/wp\/v2\/media?parent=958"}],"wp:term":[{"taxonomy":"category","embeddable":true,"href":"https:\/\/www.vacalia.com\/blog\/wp-json\/wp\/v2\/categories?post=958"},{"taxonomy":"post_tag","embeddable":true,"href":"https:\/\/www.vacalia.com\/blog\/wp-json\/wp\/v2\/tags?post=958"}],"curies":[{"name":"wp","href":"https:\/\/api.w.org\/{rel}","templated":true}]}}